{"id":9177,"date":"2026-09-02T09:21:29","date_gmt":"2026-09-02T07:21:29","guid":{"rendered":"https:\/\/proequity.es\/?p=9177"},"modified":"2026-09-02T09:22:13","modified_gmt":"2026-09-02T07:22:13","slug":"mas-de-27-millones-de-m%c2%b2-contratados-reactivan-el-interes-por-transformar-activos-logisticos-obsoletos","status":"publish","type":"post","link":"https:\/\/proequity.es\/en\/mas-de-27-millones-de-m%c2%b2-contratados-reactivan-el-interes-por-transformar-activos-logisticos-obsoletos\/","title":{"rendered":"M\u00e1s de 2,7 millones de m\u00b2 contratados reactivan el inter\u00e9s por transformar activos log\u00edsticos obsoletos"},"content":{"rendered":"<div data-elementor-type=\"wp-post\" data-elementor-id=\"9177\" class=\"elementor elementor-9177\" data-elementor-settings=\"{&quot;ha_cmc_init_switcher&quot;:&quot;no&quot;}\" data-elementor-post-type=\"post\">\n\t\t\t\t<div class=\"elementor-element elementor-element-2760407 e-flex e-con-boxed wpr-particle-no wpr-jarallax-no wpr-parallax-no wpr-sticky-section-no e-con e-parent\" data-id=\"2760407\" data-element_type=\"container\" data-settings=\"{&quot;_ha_eqh_enable&quot;:false}\">\n\t\t\t\t\t<div class=\"e-con-inner\">\n\t\t\t\t\t<\/div>\n\t\t\t\t<\/div>\n\t\t\t\t<section class=\"elementor-section elementor-top-section elementor-element elementor-element-28b7389 elementor-section-stretched elementor-section-boxed elementor-section-height-default elementor-section-height-default wpr-particle-no wpr-jarallax-no wpr-parallax-no wpr-sticky-section-no\" data-id=\"28b7389\" data-element_type=\"section\" data-settings=\"{&quot;stretch_section&quot;:&quot;section-stretched&quot;,&quot;background_background&quot;:&quot;classic&quot;,&quot;_ha_eqh_enable&quot;:false}\">\n\t\t\t\t\t\t<div class=\"elementor-container elementor-column-gap-default\">\n\t\t\t\t\t<div class=\"elementor-column elementor-col-100 elementor-top-column elementor-element elementor-element-b440ea1\" data-id=\"b440ea1\" data-element_type=\"column\">\n\t\t\t<div class=\"elementor-widget-wrap elementor-element-populated\">\n\t\t\t\t\t\t\t<\/div>\n\t\t<\/div>\n\t\t\t\t\t<\/div>\n\t\t<\/section>\n\t\t\t\t<section class=\"elementor-section elementor-top-section elementor-element elementor-element-8255195 elementor-section-boxed elementor-section-height-default elementor-section-height-default wpr-particle-no wpr-jarallax-no wpr-parallax-no wpr-sticky-section-no\" data-id=\"8255195\" data-element_type=\"section\" data-settings=\"{&quot;_ha_eqh_enable&quot;:false}\">\n\t\t\t\t\t\t<div class=\"elementor-container elementor-column-gap-default\">\n\t\t\t\t\t<div class=\"elementor-column elementor-col-100 elementor-top-column elementor-element elementor-element-d9b2cfa\" data-id=\"d9b2cfa\" data-element_type=\"column\">\n\t\t\t<div class=\"elementor-widget-wrap elementor-element-populated\">\n\t\t\t\t\t\t<div class=\"elementor-element elementor-element-4381790 elementor-widget elementor-widget-spacer\" data-id=\"4381790\" data-element_type=\"widget\" data-widget_type=\"spacer.default\">\n\t\t\t\t<div class=\"elementor-widget-container\">\n\t\t\t\t\t\t\t<div class=\"elementor-spacer\">\n\t\t\t<div class=\"elementor-spacer-inner\"><\/div>\n\t\t<\/div>\n\t\t\t\t\t\t<\/div>\n\t\t\t\t<\/div>\n\t\t\t\t<div class=\"elementor-element elementor-element-59eecaa elementor-widget elementor-widget-heading\" data-id=\"59eecaa\" data-element_type=\"widget\" data-widget_type=\"heading.default\">\n\t\t\t\t<div class=\"elementor-widget-container\">\n\t\t\t\t\t<h2 class=\"elementor-heading-title elementor-size-default\">M\u00e1s de 2,7 millones de m\u00b2 contratados reactivan el inter\u00e9s por transformar activos log\u00edsticos obsoletos<\/h2>\t\t\t\t<\/div>\n\t\t\t\t<\/div>\n\t\t<div class=\"elementor-element elementor-element-aaf8541 e-grid e-con-full wpr-particle-no wpr-jarallax-no wpr-parallax-no wpr-sticky-section-no e-con e-parent\" data-id=\"aaf8541\" data-element_type=\"container\" data-settings=\"{&quot;_ha_eqh_enable&quot;:false}\">\n\t\t\t\t<div class=\"elementor-element elementor-element-2c802ad elementor-view-default elementor-widget elementor-widget-icon\" data-id=\"2c802ad\" data-element_type=\"widget\" data-widget_type=\"icon.default\">\n\t\t\t\t<div class=\"elementor-widget-container\">\n\t\t\t\t\t\t\t<div class=\"elementor-icon-wrapper\">\n\t\t\t<div class=\"elementor-icon\">\n\t\t\t<i aria-hidden=\"true\" class=\"hm hm-mail-open\"><\/i>\t\t\t<\/div>\n\t\t<\/div>\n\t\t\t\t\t\t<\/div>\n\t\t\t\t<\/div>\n\t\t\t\t<div class=\"elementor-element elementor-element-776a376 elementor-widget elementor-widget-spacer\" data-id=\"776a376\" data-element_type=\"widget\" data-widget_type=\"spacer.default\">\n\t\t\t\t<div class=\"elementor-widget-container\">\n\t\t\t\t\t\t\t<div class=\"elementor-spacer\">\n\t\t\t<div class=\"elementor-spacer-inner\"><\/div>\n\t\t<\/div>\n\t\t\t\t\t\t<\/div>\n\t\t\t\t<\/div>\n\t\t\t\t<div class=\"elementor-element elementor-element-412ac23 elementor-view-default elementor-widget elementor-widget-icon\" data-id=\"412ac23\" data-element_type=\"widget\" data-widget_type=\"icon.default\">\n\t\t\t\t<div class=\"elementor-widget-container\">\n\t\t\t\t\t\t\t<div class=\"elementor-icon-wrapper\">\n\t\t\t<div class=\"elementor-icon\">\n\t\t\t<i aria-hidden=\"true\" class=\"hm hm-mail-open\"><\/i>\t\t\t<\/div>\n\t\t<\/div>\n\t\t\t\t\t\t<\/div>\n\t\t\t\t<\/div>\n\t\t\t\t<div class=\"elementor-element elementor-element-a08ce72 elementor-view-default elementor-widget elementor-widget-icon\" data-id=\"a08ce72\" data-element_type=\"widget\" data-widget_type=\"icon.default\">\n\t\t\t\t<div class=\"elementor-widget-container\">\n\t\t\t\t\t\t\t<div class=\"elementor-icon-wrapper\">\n\t\t\t<div class=\"elementor-icon\">\n\t\t\t<i aria-hidden=\"true\" class=\"hm hm-mail-open\"><\/i>\t\t\t<\/div>\n\t\t<\/div>\n\t\t\t\t\t\t<\/div>\n\t\t\t\t<\/div>\n\t\t\t\t<div class=\"elementor-element elementor-element-69ca64b elementor-view-default elementor-widget elementor-widget-icon\" data-id=\"69ca64b\" data-element_type=\"widget\" data-widget_type=\"icon.default\">\n\t\t\t\t<div class=\"elementor-widget-container\">\n\t\t\t\t\t\t\t<div class=\"elementor-icon-wrapper\">\n\t\t\t<div class=\"elementor-icon\">\n\t\t\t<i aria-hidden=\"true\" class=\"hm hm-mail-open\"><\/i>\t\t\t<\/div>\n\t\t<\/div>\n\t\t\t\t\t\t<\/div>\n\t\t\t\t<\/div>\n\t\t\t\t<div class=\"elementor-element elementor-element-8ada9c4 elementor-view-default elementor-widget elementor-widget-icon\" data-id=\"8ada9c4\" data-element_type=\"widget\" data-widget_type=\"icon.default\">\n\t\t\t\t<div class=\"elementor-widget-container\">\n\t\t\t\t\t\t\t<div class=\"elementor-icon-wrapper\">\n\t\t\t<div class=\"elementor-icon\">\n\t\t\t<i aria-hidden=\"true\" class=\"hm hm-mail-open\"><\/i>\t\t\t<\/div>\n\t\t<\/div>\n\t\t\t\t\t\t<\/div>\n\t\t\t\t<\/div>\n\t\t\t\t<div class=\"elementor-element elementor-element-a36d1ec elementor-view-default elementor-widget elementor-widget-icon\" data-id=\"a36d1ec\" data-element_type=\"widget\" data-widget_type=\"icon.default\">\n\t\t\t\t<div class=\"elementor-widget-container\">\n\t\t\t\t\t\t\t<div class=\"elementor-icon-wrapper\">\n\t\t\t<div class=\"elementor-icon\">\n\t\t\t<i aria-hidden=\"true\" class=\"hm hm-mail-open\"><\/i>\t\t\t<\/div>\n\t\t<\/div>\n\t\t\t\t\t\t<\/div>\n\t\t\t\t<\/div>\n\t\t\t\t<div class=\"elementor-element elementor-element-935f6ac elementor-view-default elementor-widget elementor-widget-icon\" data-id=\"935f6ac\" data-element_type=\"widget\" data-widget_type=\"icon.default\">\n\t\t\t\t<div class=\"elementor-widget-container\">\n\t\t\t\t\t\t\t<div class=\"elementor-icon-wrapper\">\n\t\t\t<div class=\"elementor-icon\">\n\t\t\t<i aria-hidden=\"true\" class=\"hm hm-mail-open\"><\/i>\t\t\t<\/div>\n\t\t<\/div>\n\t\t\t\t\t\t<\/div>\n\t\t\t\t<\/div>\n\t\t\t\t<div class=\"elementor-element elementor-element-76b25d9 elementor-view-default elementor-widget elementor-widget-icon\" data-id=\"76b25d9\" data-element_type=\"widget\" data-widget_type=\"icon.default\">\n\t\t\t\t<div class=\"elementor-widget-container\">\n\t\t\t\t\t\t\t<div class=\"elementor-icon-wrapper\">\n\t\t\t<div class=\"elementor-icon\">\n\t\t\t<i aria-hidden=\"true\" class=\"hm hm-mail-open\"><\/i>\t\t\t<\/div>\n\t\t<\/div>\n\t\t\t\t\t\t<\/div>\n\t\t\t\t<\/div>\n\t\t\t\t<div class=\"elementor-element elementor-element-05643f2 elementor-view-default elementor-widget elementor-widget-icon\" data-id=\"05643f2\" data-element_type=\"widget\" data-widget_type=\"icon.default\">\n\t\t\t\t<div class=\"elementor-widget-container\">\n\t\t\t\t\t\t\t<div class=\"elementor-icon-wrapper\">\n\t\t\t<div class=\"elementor-icon\">\n\t\t\t<i aria-hidden=\"true\" class=\"hm hm-mail-open\"><\/i>\t\t\t<\/div>\n\t\t<\/div>\n\t\t\t\t\t\t<\/div>\n\t\t\t\t<\/div>\n\t\t\t\t<div class=\"elementor-element elementor-element-78d4c89 elementor-view-default elementor-widget elementor-widget-icon\" data-id=\"78d4c89\" data-element_type=\"widget\" data-widget_type=\"icon.default\">\n\t\t\t\t<div class=\"elementor-widget-container\">\n\t\t\t\t\t\t\t<div class=\"elementor-icon-wrapper\">\n\t\t\t<a class=\"elementor-icon\" href=\"mailto:?subject=M%C3%A1s%20de%202%2C7%20millones%20de%20m%C2%B2%20contratados%20reactivan%20el%20inter%C3%A9s%20por%20transformar%20activos%20log%C3%ADsticos%20obsoletos&#038;body=Aqu%C3%AD%20tienes%20el%20enlace%20a%20la%20noticia%3A%20https%3A%2F%2Fproequity.es%2Fmas-de-27-millones-de-m%C2%B2-contratados-reactivan-el-interes-por-transformar-activos-logisticos-obsoletos%2F\">\n\t\t\t<i aria-hidden=\"true\" class=\"hm hm-mail-open\"><\/i>\t\t\t<\/a>\n\t\t<\/div>\n\t\t\t\t\t\t<\/div>\n\t\t\t\t<\/div>\n\t\t\t\t<div class=\"elementor-element elementor-element-2a564f5 elementor-view-default elementor-widget elementor-widget-icon\" data-id=\"2a564f5\" data-element_type=\"widget\" data-widget_type=\"icon.default\">\n\t\t\t\t<div class=\"elementor-widget-container\">\n\t\t\t\t\t\t\t<div class=\"elementor-icon-wrapper\">\n\t\t\t<a class=\"elementor-icon\" href=\"https:\/\/www.linkedin.com\/sharing\/share-offsite\/?url=https%3A%2F%2Fproequity.es%2Fmas-de-27-millones-de-m%C2%B2-contratados-reactivan-el-interes-por-transformar-activos-logisticos-obsoletos%2F\">\n\t\t\t<svg aria-hidden=\"true\" class=\"e-font-icon-svg e-fab-linkedin-in\" viewbox=\"0 0 448 512\" xmlns=\"http:\/\/www.w3.org\/2000\/svg\"><path d=\"M100.28 448H7.4V148.9h92.88zM53.79 108.1C24.09 108.1 0 83.5 0 53.8a53.79 53.79 0 0 1 107.58 0c0 29.7-24.1 54.3-53.79 54.3zM447.9 448h-92.68V302.4c0-34.7-.7-79.2-48.29-79.2-48.29 0-55.69 37.7-55.69 76.7V448h-92.78V148.9h89.08v40.8h1.3c12.4-23.5 42.69-48.3 87.88-48.3 94 0 111.28 61.9 111.28 142.3V448z\"><\/path><\/svg>\t\t\t<\/a>\n\t\t<\/div>\n\t\t\t\t\t\t<\/div>\n\t\t\t\t<\/div>\n\t\t\t\t<\/div>\n\t\t\t\t<div class=\"elementor-element elementor-element-f57ddad elementor-widget elementor-widget-heading\" data-id=\"f57ddad\" data-element_type=\"widget\" data-widget_type=\"heading.default\">\n\t\t\t\t<div class=\"elementor-widget-container\">\n\t\t\t\t\t<h2 class=\"elementor-heading-title elementor-size-default\"><h3 style=\"font-size: 1.88235rem;font-style: normal;text-align: center\"><\/h3>\n\n<ul style=\"font-size: 17px;font-style: normal;font-weight: 400;font-family: Comfortaa, display\">\n  <li style=\"font-size: 17px\">\n    <span style=\"font-size: 14pt;font-weight: 700\">\n      Proequity se\u00f1ala que el reposicionamiento de inmuebles log\u00edsticos antiguos puede ayudar a generar nuevo producto log\u00edstico e industrial en ubicaciones consolidadas, siempre que exista viabilidad urban\u00edstica, estructural, t\u00e9cnica, energ\u00e9tica, funcional y comercial.\n    <\/span>\n  <\/li>\n\n<\/h2>\t\t\t\t<\/div>\n\t\t\t\t<\/div>\n\t\t\t\t<div class=\"elementor-element elementor-element-d0d4f51 elementor-widget elementor-widget-image\" data-id=\"d0d4f51\" data-element_type=\"widget\" data-widget_type=\"image.default\">\n\t\t\t\t<div class=\"elementor-widget-container\">\n\t\t\t\t\t\t\t\t\t\t\t\t<figure class=\"wp-caption\">\n\t\t\t\t\t\t\t\t\t\t<img fetchpriority=\"high\" decoding=\"async\" width=\"1279\" height=\"720\" src=\"https:\/\/proequity.es\/wp-content\/uploads\/2026\/08\/Activos-obsoletos1.jpg\" class=\"attachment-full size-full wp-image-9180\" alt=\"\" srcset=\"https:\/\/proequity.es\/wp-content\/uploads\/2026\/08\/Activos-obsoletos1.jpg 1279w, https:\/\/proequity.es\/wp-content\/uploads\/2026\/08\/Activos-obsoletos1-300x169.jpg 300w, https:\/\/proequity.es\/wp-content\/uploads\/2026\/08\/Activos-obsoletos1-1024x576.jpg 1024w, https:\/\/proequity.es\/wp-content\/uploads\/2026\/08\/Activos-obsoletos1-768x432.jpg 768w, https:\/\/proequity.es\/wp-content\/uploads\/2026\/08\/Activos-obsoletos1-18x10.jpg 18w\" sizes=\"(max-width: 1279px) 100vw, 1279px\">\t\t\t\t\t\t\t\t\t\t\t<figcaption class=\"widget-image-caption wp-caption-text\">Imagen generada por inteligencia artificial<\/figcaption>\n\t\t\t\t\t\t\t\t\t\t<\/figure>\n\t\t\t\t\t\t\t\t\t<\/div>\n\t\t\t\t<\/div>\n\t\t\t\t\t<\/div>\n\t\t<\/div>\n\t\t\t\t\t<\/div>\n\t\t<\/section>\n\t\t\t\t<section class=\"elementor-section elementor-top-section elementor-element elementor-element-f45ca10 elementor-section-boxed elementor-section-height-default elementor-section-height-default wpr-particle-no wpr-jarallax-no wpr-parallax-no wpr-sticky-section-no\" data-id=\"f45ca10\" data-element_type=\"section\" data-settings=\"{&quot;_ha_eqh_enable&quot;:false}\">\n\t\t\t\t\t\t<div class=\"elementor-container elementor-column-gap-default\">\n\t\t\t\t\t<div class=\"elementor-column elementor-col-100 elementor-top-column elementor-element elementor-element-12d5afe\" data-id=\"12d5afe\" data-element_type=\"column\">\n\t\t\t<div class=\"elementor-widget-wrap elementor-element-populated\">\n\t\t\t\t\t\t<div class=\"elementor-element elementor-element-a8bd709 elementor-widget elementor-widget-text-editor\" data-id=\"a8bd709\" data-element_type=\"widget\" data-widget_type=\"text-editor.default\">\n\t\t\t\t<div class=\"elementor-widget-container\">\n\t\t\t\t\t\t\t\t\t<h3 style=\"text-align: center;\">\u00a0<\/h3><p><strong>Madrid, 2 de septiembre de 2026. <\/strong>La escasez de suelo finalista en los principales corredores log\u00edsticos y la falta de producto moderno est\u00e1n impulsando una nueva mirada sobre los activos log\u00edsticos obsoletos. En un mercado que cerr\u00f3 2025 con m\u00e1s de 2,7 millones de metros cuadrados log\u00edsticos contratados en Espa\u00f1a, la transformaci\u00f3n de inmuebles antiguos puede convertirse en una v\u00eda complementaria para generar nuevo producto en ubicaciones consolidadas, seg\u00fan <a href=\"https:\/\/proequity.es\/en\/\">Proequity<\/a>, consultora especializada en operaciones inmobiliarias dentro del sector industrial y log\u00edstico.<\/p><p>La elevada actividad del mercado convive con una oferta limitada en algunos de los enclaves m\u00e1s demandados. Los \u00faltimos datos sectoriales apuntan a que Madrid y Catalu\u00f1a concentraron 1,77 millones de metros cuadrados contratados en 2025, un volumen un 20% superior a la media de la \u00faltima d\u00e9cada. A su vez, la disponibilidad sigue tensionada en mercados consolidados, con tasas especialmente reducidas en Catalu\u00f1a, donde se situ\u00f3 por debajo del 3% a cierre de a\u00f1o.<\/p><p>Esta presi\u00f3n tambi\u00e9n se refleja en las rentas prime, que alcanzaron los 7,25 euros por metro cuadrado al mes en la zona centro y los 9,25 euros por metro cuadrado al mes en Catalu\u00f1a. En paralelo, la oferta futura especulativa contin\u00faa siendo limitada en determinados mercados, lo que favorece operaciones de prealquiler, proyectos llave en mano y f\u00f3rmulas adaptadas a las necesidades espec\u00edficas de los ocupantes.<\/p><p><strong>Del suelo nuevo al potencial del parque existente<\/strong><\/p><p>En este contexto, Proequity considera que el mercado debe ampliar el foco m\u00e1s all\u00e1 del desarrollo de nuevo suelo. Muchos activos log\u00edsticos antiguos se encuentran en ubicaciones estrat\u00e9gicas, pr\u00f3ximas a corredores de transporte, \u00e1reas urbanas, nodos de consumo o zonas log\u00edsticas consolidadas. Sin embargo, esa buena localizaci\u00f3n no siempre se traduce en competitividad si el inmueble no responde a los est\u00e1ndares actuales de eficiencia, operativa, sostenibilidad y seguridad.<\/p><p>La obsolescencia puede manifestarse en alturas libres insuficientes, cubiertas no preparadas para nuevas instalaciones energ\u00e9ticas, baja eficiencia, escasez de muelles, patios de maniobra limitados, accesos inadecuados, estructuras con capacidad restringida, instalaciones desactualizadas o ausencia de certificaciones sostenibles. Por ello, no todo activo bien ubicado es reposicionable ni todo brownfield representa autom\u00e1ticamente una oportunidad.<\/p><p>El brownfield puede convertirse en una alternativa atractiva cuando permite aprovechar ubicaciones existentes, infraestructuras previas y suelos ya transformados. En mercados donde el desarrollo de nuevo suelo exige plazos largos, tr\u00e1mites complejos o una inversi\u00f3n inicial elevada, la rehabilitaci\u00f3n o reconversi\u00f3n de activos log\u00edsticos puede contribuir a generar producto moderno sin depender exclusivamente de nuevos \u00e1mbitos urban\u00edsticos.<\/p><p><strong>Viabilidad antes que oportunidad<\/strong><\/p><p>Para Proequity, la transformaci\u00f3n de activos log\u00edsticos obsoletos debe partir de un an\u00e1lisis riguroso. La viabilidad urban\u00edstica debe confirmar usos permitidos, edificabilidad, licencias y restricciones. La viabilidad estructural debe analizar cimentaci\u00f3n, resistencia, cubierta y posibilidades reales de reforma. La viabilidad t\u00e9cnica y energ\u00e9tica debe revisar instalaciones, potencia disponible, eficiencia, iluminaci\u00f3n, ventilaci\u00f3n y protecci\u00f3n contra incendios. Y la viabilidad funcional y comercial debe contrastar si el producto final responde a la demanda real del mercado.<\/p><p>Esta aproximaci\u00f3n conecta tambi\u00e9n con la sostenibilidad y el uso eficiente del suelo. La estrategia europea en materia de suelo fija como objetivo alcanzar un consumo neto de suelo cero en 2050, mientras que el sector inmobiliario avanza hacia mayores exigencias de eficiencia energ\u00e9tica, reducci\u00f3n de emisiones y adaptaci\u00f3n del parque existente. En este escenario, transformar activos ya construidos puede formar parte de una estrategia m\u00e1s responsable, siempre que los costes de adaptaci\u00f3n, el an\u00e1lisis del ciclo de vida y el resultado final lo justifiquen.<\/p><p>\u201c<em>En un entorno de escasez de suelo y de b\u00fasqueda de activos m\u00e1s eficientes, el valor de muchos inmuebles log\u00edsticos antiguos ya no depende solo de lo que son hoy, sino de lo que pueden llegar a ser. Pero el reposicionamiento no puede abordarse desde una visi\u00f3n oportunista. Antes de invertir hay que confirmar si el activo es viable desde el punto de vista urban\u00edstico, estructural, t\u00e9cnico, energ\u00e9tico, funcional y comercial<\/em>\u201d, se\u00f1ala <strong>David Mart\u00ednez, Director General de Proequity.<\/strong><\/p><p>Para los propietarios, la transformaci\u00f3n de activos log\u00edsticos obsoletos puede permitir recuperar competitividad en inmuebles que han perdido atractivo frente al producto de nueva generaci\u00f3n. Para los operadores, puede abrir alternativas en ubicaciones donde la nueva oferta es escasa o tarda en llegar. Para promotores e inversores, puede representar una estrategia value add vinculada a la mejora del activo, aunque siempre condicionada por el coste de adaptaci\u00f3n, los plazos de tramitaci\u00f3n, la posible contaminaci\u00f3n del suelo, las limitaciones estructurales y la demanda real.<\/p><p><a href=\"#_ftnref1\" name=\"_ftn1\"><\/a><\/p>\t\t\t\t\t\t\t\t<\/div>\n\t\t\t\t<\/div>\n\t\t\t\t\t<\/div>\n\t\t<\/div>\n\t\t\t\t\t<\/div>\n\t\t<\/section>\n\t\t\t\t<section class=\"elementor-section elementor-top-section elementor-element elementor-element-46b7813 elementor-section-boxed elementor-section-height-default elementor-section-height-default wpr-particle-no wpr-jarallax-no wpr-parallax-no wpr-sticky-section-no\" data-id=\"46b7813\" data-element_type=\"section\" data-settings=\"{&quot;_ha_eqh_enable&quot;:false}\">\n\t\t\t\t\t\t<div class=\"elementor-container elementor-column-gap-default\">\n\t\t\t\t\t<div class=\"elementor-column elementor-col-100 elementor-top-column elementor-element elementor-element-918ed45\" data-id=\"918ed45\" data-element_type=\"column\">\n\t\t\t<div class=\"elementor-widget-wrap elementor-element-populated\">\n\t\t\t\t\t\t<div class=\"elementor-element elementor-element-e37caa6 elementor-widget-divider--view-line elementor-widget elementor-widget-divider\" data-id=\"e37caa6\" data-element_type=\"widget\" data-widget_type=\"divider.default\">\n\t\t\t\t<div class=\"elementor-widget-container\">\n\t\t\t\t\t\t\t<div class=\"elementor-divider\">\n\t\t\t<span class=\"elementor-divider-separator\">\n\t\t\t\t\t\t<\/span>\n\t\t<\/div>\n\t\t\t\t\t\t<\/div>\n\t\t\t\t<\/div>\n\t\t\t\t\t<\/div>\n\t\t<\/div>\n\t\t\t\t\t<\/div>\n\t\t<\/section>\n\t\t\t\t<section class=\"elementor-section elementor-top-section elementor-element elementor-element-f07fb8c elementor-section-boxed elementor-section-height-default elementor-section-height-default wpr-particle-no wpr-jarallax-no wpr-parallax-no wpr-sticky-section-no\" data-id=\"f07fb8c\" data-element_type=\"section\" data-settings=\"{&quot;_ha_eqh_enable&quot;:false}\">\n\t\t\t\t\t\t<div class=\"elementor-container elementor-column-gap-default\">\n\t\t\t\t\t<div class=\"elementor-column elementor-col-100 elementor-top-column elementor-element elementor-element-a7fca1a\" data-id=\"a7fca1a\" data-element_type=\"column\">\n\t\t\t<div class=\"elementor-widget-wrap elementor-element-populated\">\n\t\t\t\t\t\t<div class=\"elementor-element elementor-element-902bff8 elementor-widget elementor-widget-text-editor\" data-id=\"902bff8\" data-element_type=\"widget\" data-widget_type=\"text-editor.default\">\n\t\t\t\t<div class=\"elementor-widget-container\">\n\t\t\t\t\t\t\t\t\t<p><span style=\"color: #00a88f;\"><strong>About Proequity<\/strong><\/span><\/p><p>Proequity es la consultora especializada en la gesti\u00f3n de operaciones y en la generaci\u00f3n de proyectos inmobiliarios dentro del sector industrial y log\u00edstico. Fundada en 2008 en un escenario adverso para el desarrollo de un nuevo negocio, la compa\u00f1\u00eda ha sabido adaptarse a las exigencias de un mercado cambiante.<\/p><p>El equipo que conforma la entidad cuenta con una dilatada experiencia profesional de m\u00e1s de 20 a\u00f1os en diferentes segmentos del sector inmobiliario. Esto permite ofrecer un servicio de asesoramiento integral a sus clientes con el objetivo de obtener los mejores resultados de sus proyectos inmobiliarios, los cuales abarcan desde la compra o el alquiler de espacios o plataformas log\u00edsticas, hasta la creaci\u00f3n y el desarrollo de proyectos \u201cllave en mano\u201d. Asimismo, la consultora tambi\u00e9n lleva a cabo el asesoramiento en materia de inversi\u00f3n, suelo o desarrollo de obras.<\/p><p>De esta forma Proequity ha ofrecido servicios a una amplia cartera de clientes, d\u00f3nde destacan fondos de inversi\u00f3n, retailers u operadores log\u00edsticos, entre otros.\u00a0 \u00a0<\/p>\t\t\t\t\t\t\t\t<\/div>\n\t\t\t\t<\/div>\n\t\t\t\t\t<\/div>\n\t\t<\/div>\n\t\t\t\t\t<\/div>\n\t\t<\/section>\n\t\t\t\t<section class=\"elementor-section elementor-top-section elementor-element elementor-element-cb6dba9 elementor-section-boxed elementor-section-height-default elementor-section-height-default wpr-particle-no wpr-jarallax-no wpr-parallax-no wpr-sticky-section-no\" data-id=\"cb6dba9\" data-element_type=\"section\" data-settings=\"{&quot;_ha_eqh_enable&quot;:false}\">\n\t\t\t\t\t\t<div class=\"elementor-container elementor-column-gap-default\">\n\t\t\t\t\t<div class=\"elementor-column elementor-col-100 elementor-top-column elementor-element elementor-element-be1d145\" data-id=\"be1d145\" data-element_type=\"column\">\n\t\t\t<div class=\"elementor-widget-wrap elementor-element-populated\">\n\t\t\t\t\t\t<div class=\"elementor-element elementor-element-6b05272 elementor-widget elementor-widget-heading\" data-id=\"6b05272\" data-element_type=\"widget\" data-widget_type=\"heading.default\">\n\t\t\t\t<div class=\"elementor-widget-container\">\n\t\t\t\t\t<h2 class=\"elementor-heading-title elementor-size-default\">Relacionados<\/h2>\t\t\t\t<\/div>\n\t\t\t\t<\/div>\n\t\t<div class=\"elementor-element elementor-element-7eb5640 e-flex e-con-boxed wpr-particle-no wpr-jarallax-no wpr-parallax-no wpr-sticky-section-no e-con e-parent\" data-id=\"7eb5640\" data-element_type=\"container\" data-settings=\"{&quot;_ha_eqh_enable&quot;:false}\">\n\t\t\t\t\t<div class=\"e-con-inner\">\n\t\t<div class=\"elementor-element elementor-element-d76cf72 e-con-full e-flex wpr-particle-no wpr-jarallax-no wpr-parallax-no wpr-sticky-section-no e-con e-child\" data-id=\"d76cf72\" data-element_type=\"container\" data-settings=\"{&quot;_ha_eqh_enable&quot;:false}\">\n\t\t\t\t<div class=\"elementor-element elementor-element-3ff44d2 wpr-grid-slider-columns-3 wpr-grid-slider-columns--tablet2 wpr-grid-slider-columns--mobile_extra2 wpr-grid-slider-columns--mobile1 wpr-item-styles-inner wpr-grid-slider-nav-position-custom elementor-widget elementor-widget-wpr-grid\" data-id=\"3ff44d2\" data-element_type=\"widget\" data-settings=\"{&quot;layout_slider_amount&quot;:&quot;3&quot;,&quot;layout_slider_amount_tablet&quot;:2,&quot;layout_slider_amount_mobile_extra&quot;:2,&quot;layout_slider_amount_mobile&quot;:1,&quot;layout_slides_to_scroll&quot;:1}\" data-widget_type=\"wpr-grid.default\">\n\t\t\t\t<div class=\"elementor-widget-container\">\n\t\t\t\t\t<section class=\"wpr-grid elementor-clearfix\" dir=\"ltr\" data-slick=\"{&quot;rtl&quot;:false,&quot;infinite&quot;:false,&quot;speed&quot;:700,&quot;arrows&quot;:true,&quot;dots&quot;:true,&quot;autoplay&quot;:false,&quot;autoplaySpeed&quot;:5000,&quot;pauseOnHover&quot;:&quot;yes&quot;,&quot;prevArrow&quot;:&quot;#wpr-grid-slider-prev-3ff44d2&quot;,&quot;nextArrow&quot;:&quot;#wpr-grid-slider-next-3ff44d2&quot;,&quot;sliderSlidesToScroll&quot;:1,&quot;lightbox&quot;:{&quot;selector&quot;:&quot;article:not(.slick-cloned) .wpr-grid-image-wrap&quot;,&quot;iframeMaxWidth&quot;:&quot;60%&quot;,&quot;hash&quot;:false,&quot;autoplay&quot;:&quot;true&quot;,&quot;pause&quot;:5000,&quot;progressBar&quot;:&quot;true&quot;,&quot;counter&quot;:&quot;true&quot;,&quot;controls&quot;:&quot;true&quot;,&quot;getCaptionFromTitleOrAlt&quot;:&quot;true&quot;,&quot;thumbnail&quot;:&quot;true&quot;,&quot;showThumbByDefault&quot;:&quot;true&quot;,&quot;share&quot;:&quot;true&quot;,&quot;zoom&quot;:&quot;true&quot;,&quot;fullScreen&quot;:&quot;true&quot;,&quot;download&quot;:&quot;true&quot;}}\"><article class=\"wpr-grid-item elementor-clearfix post-9177 post type-post status-publish format-standard has-post-thumbnail hentry category-noticias\"><div class=\"wpr-grid-item-inner\"><div class=\"wpr-grid-media-wrap wpr-effect-size-medium\" data-overlay-link=\"yes\"><div class=\"wpr-grid-image-wrap\" data-src=\"https:\/\/proequity.es\/wp-content\/uploads\/2026\/08\/Activos-obsoletos1.jpg\" data-img-on-hover=\"\"  data-src-secondary=\"\"><img decoding=\"async\" data-no-lazy=\"1\" src=\"https:\/\/proequity.es\/wp-content\/uploads\/2026\/08\/Activos-obsoletos1.jpg\" alt=\"M\u00e1s de 2,7 millones de m\u00b2 contratados reactivan el inter\u00e9s por transformar activos log\u00edsticos obsoletos\" class=\"wpr-anim-timing-ease-default\"><\/div><div class=\"wpr-grid-media-hover wpr-animation-wrap\"><div class=\"wpr-grid-media-hover-bg  wpr-overlay-fade-in wpr-anim-size-large wpr-anim-timing-ease-default wpr-anim-transparency\" data-url=\"https:\/\/proequity.es\/en\/mas-de-27-millones-de-m%c2%b2-contratados-reactivan-el-interes-por-transformar-activos-logisticos-obsoletos\/\"><\/div><\/div><\/div><div class=\"wpr-grid-item-below-content elementor-clearfix\"><div class=\"wpr-grid-item-lightbox elementor-repeater-item-688ca53 wpr-grid-item-display-block wpr-grid-item-align-left\"><div class=\"inner-block\"><span data-src=\"https:\/\/proequity.es\/wp-content\/uploads\/2026\/08\/Activos-obsoletos1.jpg\"><i class=\"fas fa-search\"><\/i><\/span><\/div><\/div><div class=\"wpr-grid-item-title elementor-repeater-item-7f513c5 wpr-grid-item-display-custom wpr-grid-item-align-left wpr-pointer-none wpr-pointer-line-fx wpr-pointer-fx-slide\"><div class=\"inner-block\"><a target=\"_self\"  href=\"https:\/\/proequity.es\/en\/mas-de-27-millones-de-m%c2%b2-contratados-reactivan-el-interes-por-transformar-activos-logisticos-obsoletos\/\">M\u00e1s de 2,7 millones de m\u00b2 contratados reactivan el inter\u00e9s por transformar&hellip;<\/a><\/div><\/div><div class=\"wpr-grid-item-read-more elementor-repeater-item-fddbaa8 wpr-grid-item-display-block wpr-grid-item-align-left\"><div class=\"inner-block\"><a target=\"_self\" href=\"https:\/\/proequity.es\/en\/mas-de-27-millones-de-m%c2%b2-contratados-reactivan-el-interes-por-transformar-activos-logisticos-obsoletos\/\" class=\"wpr-button-effect wpr-button-none\"><span>Leer M\u00e1s &gt;&gt;<\/span><\/a><\/div><\/div><div class=\"wpr-grid-item-separator elementor-repeater-item-06d30e2 wpr-grid-item-display-block wpr-grid-item-align-left wpr-grid-sep-style-1\"><div class=\"inner-block\"><span><\/span><\/div><\/div><div class=\"wpr-grid-item-date elementor-repeater-item-c8586f2 wpr-grid-item-display-inline wpr-grid-item-align-left\"><div class=\"inner-block\"><span>2 de September de 2026<span class=\"wpr-grid-extra-text-right\">\/<\/span><\/span><\/div><\/div><\/div><\/div><\/article><article class=\"wpr-grid-item elementor-clearfix post-9170 post type-post status-publish format-standard has-post-thumbnail hentry category-noticias\"><div class=\"wpr-grid-item-inner\"><div class=\"wpr-grid-media-wrap wpr-effect-size-medium\" data-overlay-link=\"yes\"><div class=\"wpr-grid-image-wrap\" data-src=\"https:\/\/proequity.es\/wp-content\/uploads\/2026\/08\/Mercados-Regionales-Proequity-1.png.jpg\" data-img-on-hover=\"\"  data-src-secondary=\"\"><img decoding=\"async\" data-no-lazy=\"1\" src=\"https:\/\/proequity.es\/wp-content\/uploads\/2026\/08\/Mercados-Regionales-Proequity-1.png.jpg\" alt=\"Los mercados secundarios ya concentran casi una cuarta parte de la contrataci\u00f3n log\u00edstica en Espa\u00f1a\" class=\"wpr-anim-timing-ease-default\"><\/div><div class=\"wpr-grid-media-hover wpr-animation-wrap\"><div class=\"wpr-grid-media-hover-bg  wpr-overlay-fade-in wpr-anim-size-large wpr-anim-timing-ease-default wpr-anim-transparency\" data-url=\"https:\/\/proequity.es\/en\/los-mercados-secundarios-ya-concentran-casi-una-cuarta-parte-de-la-contratacion-logistica-en-espana\/\"><\/div><\/div><\/div><div class=\"wpr-grid-item-below-content elementor-clearfix\"><div class=\"wpr-grid-item-lightbox elementor-repeater-item-688ca53 wpr-grid-item-display-block wpr-grid-item-align-left\"><div class=\"inner-block\"><span data-src=\"https:\/\/proequity.es\/wp-content\/uploads\/2026\/08\/Mercados-Regionales-Proequity-1.png.jpg\"><i class=\"fas fa-search\"><\/i><\/span><\/div><\/div><div class=\"wpr-grid-item-title elementor-repeater-item-7f513c5 wpr-grid-item-display-custom wpr-grid-item-align-left wpr-pointer-none wpr-pointer-line-fx wpr-pointer-fx-slide\"><div class=\"inner-block\"><a target=\"_self\"  href=\"https:\/\/proequity.es\/en\/los-mercados-secundarios-ya-concentran-casi-una-cuarta-parte-de-la-contratacion-logistica-en-espana\/\">Los mercados secundarios ya concentran casi una cuarta parte de la contrataci\u00f3n&hellip;<\/a><\/div><\/div><div class=\"wpr-grid-item-read-more elementor-repeater-item-fddbaa8 wpr-grid-item-display-block wpr-grid-item-align-left\"><div class=\"inner-block\"><a target=\"_self\" href=\"https:\/\/proequity.es\/en\/los-mercados-secundarios-ya-concentran-casi-una-cuarta-parte-de-la-contratacion-logistica-en-espana\/\" class=\"wpr-button-effect wpr-button-none\"><span>Leer M\u00e1s &gt;&gt;<\/span><\/a><\/div><\/div><div class=\"wpr-grid-item-separator elementor-repeater-item-06d30e2 wpr-grid-item-display-block wpr-grid-item-align-left wpr-grid-sep-style-1\"><div class=\"inner-block\"><span><\/span><\/div><\/div><div class=\"wpr-grid-item-date elementor-repeater-item-c8586f2 wpr-grid-item-display-inline wpr-grid-item-align-left\"><div class=\"inner-block\"><span>19 de August de 2026<span class=\"wpr-grid-extra-text-right\">\/<\/span><\/span><\/div><\/div><\/div><\/div><\/article><article class=\"wpr-grid-item elementor-clearfix post-9069 post type-post status-publish format-standard has-post-thumbnail hentry category-noticias\"><div class=\"wpr-grid-item-inner\"><div class=\"wpr-grid-media-wrap wpr-effect-size-medium\" data-overlay-link=\"yes\"><div class=\"wpr-grid-image-wrap\" data-src=\"https:\/\/proequity.es\/wp-content\/uploads\/2026\/07\/Olas-de-calor.jpg\" data-img-on-hover=\"\"  data-src-secondary=\"\"><img decoding=\"async\" data-no-lazy=\"1\" src=\"https:\/\/proequity.es\/wp-content\/uploads\/2026\/07\/Olas-de-calor.jpg\" alt=\"La edificaci\u00f3n concentra el 30,6 % del consumo final de energ\u00eda en Espa\u00f1a\" class=\"wpr-anim-timing-ease-default\"><\/div><div class=\"wpr-grid-media-hover wpr-animation-wrap\"><div class=\"wpr-grid-media-hover-bg  wpr-overlay-fade-in wpr-anim-size-large wpr-anim-timing-ease-default wpr-anim-transparency\" data-url=\"https:\/\/proequity.es\/en\/la-edificacion-concentra-el-306-del-consumo-final-de-energia-en-espana\/\"><\/div><\/div><\/div><div class=\"wpr-grid-item-below-content elementor-clearfix\"><div class=\"wpr-grid-item-lightbox elementor-repeater-item-688ca53 wpr-grid-item-display-block wpr-grid-item-align-left\"><div class=\"inner-block\"><span data-src=\"https:\/\/proequity.es\/wp-content\/uploads\/2026\/07\/Olas-de-calor.jpg\"><i class=\"fas fa-search\"><\/i><\/span><\/div><\/div><div class=\"wpr-grid-item-title elementor-repeater-item-7f513c5 wpr-grid-item-display-custom wpr-grid-item-align-left wpr-pointer-none wpr-pointer-line-fx wpr-pointer-fx-slide\"><div class=\"inner-block\"><a target=\"_self\"  href=\"https:\/\/proequity.es\/en\/la-edificacion-concentra-el-306-del-consumo-final-de-energia-en-espana\/\">La edificaci\u00f3n concentra el 30,6 % del consumo final de energ\u00eda en&hellip;<\/a><\/div><\/div><div class=\"wpr-grid-item-read-more elementor-repeater-item-fddbaa8 wpr-grid-item-display-block wpr-grid-item-align-left\"><div class=\"inner-block\"><a target=\"_self\" href=\"https:\/\/proequity.es\/en\/la-edificacion-concentra-el-306-del-consumo-final-de-energia-en-espana\/\" class=\"wpr-button-effect wpr-button-none\"><span>Leer M\u00e1s &gt;&gt;<\/span><\/a><\/div><\/div><div class=\"wpr-grid-item-separator elementor-repeater-item-06d30e2 wpr-grid-item-display-block wpr-grid-item-align-left wpr-grid-sep-style-1\"><div class=\"inner-block\"><span><\/span><\/div><\/div><div class=\"wpr-grid-item-date elementor-repeater-item-c8586f2 wpr-grid-item-display-inline wpr-grid-item-align-left\"><div class=\"inner-block\"><span>22 de July de 2026<span class=\"wpr-grid-extra-text-right\">\/<\/span><\/span><\/div><\/div><\/div><\/div><\/article><article class=\"wpr-grid-item elementor-clearfix post-9078 post type-post status-publish format-standard has-post-thumbnail hentry category-noticias\"><div class=\"wpr-grid-item-inner\"><div class=\"wpr-grid-media-wrap wpr-effect-size-medium\" data-overlay-link=\"yes\"><div class=\"wpr-grid-image-wrap\" data-src=\"https:\/\/proequity.es\/wp-content\/uploads\/2026\/07\/Planificacion-suelo.jpg\" data-img-on-hover=\"\"  data-src-secondary=\"\"><img decoding=\"async\" data-no-lazy=\"1\" src=\"https:\/\/proequity.es\/wp-content\/uploads\/2026\/07\/Planificacion-suelo.jpg\" alt=\"Planificar vivienda junto al suelo productivo, clave para construir ciudades completas\" class=\"wpr-anim-timing-ease-default\"><\/div><div class=\"wpr-grid-media-hover wpr-animation-wrap\"><div class=\"wpr-grid-media-hover-bg  wpr-overlay-fade-in wpr-anim-size-large wpr-anim-timing-ease-default wpr-anim-transparency\" data-url=\"https:\/\/proequity.es\/en\/planificar-vivienda-junto-al-suelo-productivo-clave-para-construir-ciudades-completas\/\"><\/div><\/div><\/div><div class=\"wpr-grid-item-below-content elementor-clearfix\"><div class=\"wpr-grid-item-lightbox elementor-repeater-item-688ca53 wpr-grid-item-display-block wpr-grid-item-align-left\"><div class=\"inner-block\"><span data-src=\"https:\/\/proequity.es\/wp-content\/uploads\/2026\/07\/Planificacion-suelo.jpg\"><i class=\"fas fa-search\"><\/i><\/span><\/div><\/div><div class=\"wpr-grid-item-title elementor-repeater-item-7f513c5 wpr-grid-item-display-custom wpr-grid-item-align-left wpr-pointer-none wpr-pointer-line-fx wpr-pointer-fx-slide\"><div class=\"inner-block\"><a target=\"_self\"  href=\"https:\/\/proequity.es\/en\/planificar-vivienda-junto-al-suelo-productivo-clave-para-construir-ciudades-completas\/\">Planificar vivienda junto al suelo productivo, clave para construir ciudades completas<\/a><\/div><\/div><div class=\"wpr-grid-item-read-more elementor-repeater-item-fddbaa8 wpr-grid-item-display-block wpr-grid-item-align-left\"><div class=\"inner-block\"><a target=\"_self\" href=\"https:\/\/proequity.es\/en\/planificar-vivienda-junto-al-suelo-productivo-clave-para-construir-ciudades-completas\/\" class=\"wpr-button-effect wpr-button-none\"><span>Leer M\u00e1s &gt;&gt;<\/span><\/a><\/div><\/div><div class=\"wpr-grid-item-separator elementor-repeater-item-06d30e2 wpr-grid-item-display-block wpr-grid-item-align-left wpr-grid-sep-style-1\"><div class=\"inner-block\"><span><\/span><\/div><\/div><div class=\"wpr-grid-item-date elementor-repeater-item-c8586f2 wpr-grid-item-display-inline wpr-grid-item-align-left\"><div class=\"inner-block\"><span>6 de July de 2026<span class=\"wpr-grid-extra-text-right\">\/<\/span><\/span><\/div><\/div><\/div><\/div><\/article><article class=\"wpr-grid-item elementor-clearfix post-9058 post type-post status-publish format-standard has-post-thumbnail hentry category-noticias\"><div class=\"wpr-grid-item-inner\"><div class=\"wpr-grid-media-wrap wpr-effect-size-medium\" data-overlay-link=\"yes\"><div class=\"wpr-grid-image-wrap\" data-src=\"https:\/\/proequity.es\/wp-content\/uploads\/2026\/07\/Escasez-suelo.jpg\" data-img-on-hover=\"\"  data-src-secondary=\"\"><img decoding=\"async\" data-no-lazy=\"1\" src=\"https:\/\/proequity.es\/wp-content\/uploads\/2026\/07\/Escasez-suelo.jpg\" alt=\"La escasez de suelo finalista redefine el mapa log\u00edstico espa\u00f1ol y abre oportunidades en nuevos mercados\" class=\"wpr-anim-timing-ease-default\"><\/div><div class=\"wpr-grid-media-hover wpr-animation-wrap\"><div class=\"wpr-grid-media-hover-bg  wpr-overlay-fade-in wpr-anim-size-large wpr-anim-timing-ease-default wpr-anim-transparency\" data-url=\"https:\/\/proequity.es\/en\/la-escasez-de-suelo-finalista-redefine-el-mapa-logistico-espanol-y-abre-oportunidades-en-nuevos-mercados\/\"><\/div><\/div><\/div><div class=\"wpr-grid-item-below-content elementor-clearfix\"><div class=\"wpr-grid-item-lightbox elementor-repeater-item-688ca53 wpr-grid-item-display-block wpr-grid-item-align-left\"><div class=\"inner-block\"><span data-src=\"https:\/\/proequity.es\/wp-content\/uploads\/2026\/07\/Escasez-suelo.jpg\"><i class=\"fas fa-search\"><\/i><\/span><\/div><\/div><div class=\"wpr-grid-item-title elementor-repeater-item-7f513c5 wpr-grid-item-display-custom wpr-grid-item-align-left wpr-pointer-none wpr-pointer-line-fx wpr-pointer-fx-slide\"><div class=\"inner-block\"><a target=\"_self\"  href=\"https:\/\/proequity.es\/en\/la-escasez-de-suelo-finalista-redefine-el-mapa-logistico-espanol-y-abre-oportunidades-en-nuevos-mercados\/\">La escasez de suelo finalista redefine el mapa log\u00edstico espa\u00f1ol y abre&hellip;<\/a><\/div><\/div><div class=\"wpr-grid-item-read-more elementor-repeater-item-fddbaa8 wpr-grid-item-display-block wpr-grid-item-align-left\"><div class=\"inner-block\"><a target=\"_self\" href=\"https:\/\/proequity.es\/en\/la-escasez-de-suelo-finalista-redefine-el-mapa-logistico-espanol-y-abre-oportunidades-en-nuevos-mercados\/\" class=\"wpr-button-effect wpr-button-none\"><span>Leer M\u00e1s &gt;&gt;<\/span><\/a><\/div><\/div><div class=\"wpr-grid-item-separator elementor-repeater-item-06d30e2 wpr-grid-item-display-block wpr-grid-item-align-left wpr-grid-sep-style-1\"><div class=\"inner-block\"><span><\/span><\/div><\/div><div class=\"wpr-grid-item-date elementor-repeater-item-c8586f2 wpr-grid-item-display-inline wpr-grid-item-align-left\"><div class=\"inner-block\"><span>3 de July de 2026<span class=\"wpr-grid-extra-text-right\">\/<\/span><\/span><\/div><\/div><\/div><\/div><\/article><article class=\"wpr-grid-item elementor-clearfix post-9043 post type-post status-publish format-standard has-post-thumbnail hentry category-noticias\"><div class=\"wpr-grid-item-inner\"><div class=\"wpr-grid-media-wrap wpr-effect-size-medium\" data-overlay-link=\"yes\"><div class=\"wpr-grid-image-wrap\" data-src=\"https:\/\/proequity.es\/wp-content\/uploads\/2026\/06\/NOTICIAS-web.png\" data-img-on-hover=\"\"  data-src-secondary=\"\"><img decoding=\"async\" data-no-lazy=\"1\" src=\"https:\/\/proequity.es\/wp-content\/uploads\/2026\/06\/NOTICIAS-web.png\" alt=\"La planificaci\u00f3n del suelo es factor clave para atraer inversi\u00f3n log\u00edstica e industrial en Espa\u00f1a\" class=\"wpr-anim-timing-ease-default\"><\/div><div class=\"wpr-grid-media-hover wpr-animation-wrap\"><div class=\"wpr-grid-media-hover-bg  wpr-overlay-fade-in wpr-anim-size-large wpr-anim-timing-ease-default wpr-anim-transparency\" data-url=\"https:\/\/proequity.es\/en\/la-planificacion-del-suelo-es-factor-clave-para-atraer-inversion-logistica-e-industrial-en-espana\/\"><\/div><\/div><\/div><div class=\"wpr-grid-item-below-content elementor-clearfix\"><div class=\"wpr-grid-item-lightbox elementor-repeater-item-688ca53 wpr-grid-item-display-block wpr-grid-item-align-left\"><div class=\"inner-block\"><span data-src=\"https:\/\/proequity.es\/wp-content\/uploads\/2026\/06\/NOTICIAS-web.png\"><i class=\"fas fa-search\"><\/i><\/span><\/div><\/div><div class=\"wpr-grid-item-title elementor-repeater-item-7f513c5 wpr-grid-item-display-custom wpr-grid-item-align-left wpr-pointer-none wpr-pointer-line-fx wpr-pointer-fx-slide\"><div class=\"inner-block\"><a target=\"_self\"  href=\"https:\/\/proequity.es\/en\/la-planificacion-del-suelo-es-factor-clave-para-atraer-inversion-logistica-e-industrial-en-espana\/\">La planificaci\u00f3n del suelo es factor clave para atraer inversi\u00f3n log\u00edstica e&hellip;<\/a><\/div><\/div><div class=\"wpr-grid-item-read-more elementor-repeater-item-fddbaa8 wpr-grid-item-display-block wpr-grid-item-align-left\"><div class=\"inner-block\"><a target=\"_self\" href=\"https:\/\/proequity.es\/en\/la-planificacion-del-suelo-es-factor-clave-para-atraer-inversion-logistica-e-industrial-en-espana\/\" class=\"wpr-button-effect wpr-button-none\"><span>Leer M\u00e1s &gt;&gt;<\/span><\/a><\/div><\/div><div class=\"wpr-grid-item-separator elementor-repeater-item-06d30e2 wpr-grid-item-display-block wpr-grid-item-align-left wpr-grid-sep-style-1\"><div class=\"inner-block\"><span><\/span><\/div><\/div><div class=\"wpr-grid-item-date elementor-repeater-item-c8586f2 wpr-grid-item-display-inline wpr-grid-item-align-left\"><div class=\"inner-block\"><span>17 de June de 2026<span class=\"wpr-grid-extra-text-right\">\/<\/span><\/span><\/div><\/div><\/div><\/div><\/article><article class=\"wpr-grid-item elementor-clearfix post-9002 post type-post status-publish format-standard has-post-thumbnail hentry category-noticias\"><div class=\"wpr-grid-item-inner\"><div class=\"wpr-grid-media-wrap wpr-effect-size-medium\" data-overlay-link=\"yes\"><div class=\"wpr-grid-image-wrap\" data-src=\"https:\/\/proequity.es\/wp-content\/uploads\/2026\/05\/Logisfashion-Cabanillas-2.jpg\" data-img-on-hover=\"\"  data-src-secondary=\"\"><img decoding=\"async\" data-no-lazy=\"1\" src=\"https:\/\/proequity.es\/wp-content\/uploads\/2026\/05\/Logisfashion-Cabanillas-2.jpg\" alt=\"Logisfashion traslada su operativa de Cabanillas I a un nuevo centro log\u00edstico para modernizar su infraestructura\" class=\"wpr-anim-timing-ease-default\"><\/div><div class=\"wpr-grid-media-hover wpr-animation-wrap\"><div class=\"wpr-grid-media-hover-bg  wpr-overlay-fade-in wpr-anim-size-large wpr-anim-timing-ease-default wpr-anim-transparency\" data-url=\"https:\/\/proequity.es\/en\/logisfashion-traslada-su-operativa-de-cabanillas-i-a-un-nuevo-centro-logistico-para-modernizar-su-infraestructura\/\"><\/div><\/div><\/div><div class=\"wpr-grid-item-below-content elementor-clearfix\"><div class=\"wpr-grid-item-lightbox elementor-repeater-item-688ca53 wpr-grid-item-display-block wpr-grid-item-align-left\"><div class=\"inner-block\"><span data-src=\"https:\/\/proequity.es\/wp-content\/uploads\/2026\/05\/Logisfashion-Cabanillas-2.jpg\"><i class=\"fas fa-search\"><\/i><\/span><\/div><\/div><div class=\"wpr-grid-item-title elementor-repeater-item-7f513c5 wpr-grid-item-display-custom wpr-grid-item-align-left wpr-pointer-none wpr-pointer-line-fx wpr-pointer-fx-slide\"><div class=\"inner-block\"><a target=\"_self\"  href=\"https:\/\/proequity.es\/en\/logisfashion-traslada-su-operativa-de-cabanillas-i-a-un-nuevo-centro-logistico-para-modernizar-su-infraestructura\/\">Logisfashion traslada su operativa de Cabanillas I a un nuevo centro log\u00edstico&hellip;<\/a><\/div><\/div><div class=\"wpr-grid-item-read-more elementor-repeater-item-fddbaa8 wpr-grid-item-display-block wpr-grid-item-align-left\"><div class=\"inner-block\"><a target=\"_self\" href=\"https:\/\/proequity.es\/en\/logisfashion-traslada-su-operativa-de-cabanillas-i-a-un-nuevo-centro-logistico-para-modernizar-su-infraestructura\/\" class=\"wpr-button-effect wpr-button-none\"><span>Leer M\u00e1s &gt;&gt;<\/span><\/a><\/div><\/div><div class=\"wpr-grid-item-separator elementor-repeater-item-06d30e2 wpr-grid-item-display-block wpr-grid-item-align-left wpr-grid-sep-style-1\"><div class=\"inner-block\"><span><\/span><\/div><\/div><div class=\"wpr-grid-item-date elementor-repeater-item-c8586f2 wpr-grid-item-display-inline wpr-grid-item-align-left\"><div class=\"inner-block\"><span>21 de May de 2026<span class=\"wpr-grid-extra-text-right\">\/<\/span><\/span><\/div><\/div><\/div><\/div><\/article><article class=\"wpr-grid-item elementor-clearfix post-8917 post type-post status-publish format-standard has-post-thumbnail hentry category-noticias\"><div class=\"wpr-grid-item-inner\"><div class=\"wpr-grid-media-wrap wpr-effect-size-medium\" data-overlay-link=\"yes\"><div class=\"wpr-grid-image-wrap\" data-src=\"https:\/\/proequity.es\/wp-content\/uploads\/2024\/04\/Newdock-Gavilanes-I-2.png\" data-img-on-hover=\"\"  data-src-secondary=\"\"><img decoding=\"async\" data-no-lazy=\"1\" src=\"https:\/\/proequity.es\/wp-content\/uploads\/2024\/04\/Newdock-Gavilanes-I-2.png\" alt=\"Getafe se consolida como polo log\u00edstico estrat\u00e9gico en la primera corona de Madrid\" class=\"wpr-anim-timing-ease-default\"><\/div><div class=\"wpr-grid-media-hover wpr-animation-wrap\"><div class=\"wpr-grid-media-hover-bg  wpr-overlay-fade-in wpr-anim-size-large wpr-anim-timing-ease-default wpr-anim-transparency\" data-url=\"https:\/\/proequity.es\/en\/getafe-se-consolida-como-polo-logistico-estrategico-en-la-primera-corona-de-madrid\/\"><\/div><\/div><\/div><div class=\"wpr-grid-item-below-content elementor-clearfix\"><div class=\"wpr-grid-item-lightbox elementor-repeater-item-688ca53 wpr-grid-item-display-block wpr-grid-item-align-left\"><div class=\"inner-block\"><span data-src=\"https:\/\/proequity.es\/wp-content\/uploads\/2024\/04\/Newdock-Gavilanes-I-2.png\"><i class=\"fas fa-search\"><\/i><\/span><\/div><\/div><div class=\"wpr-grid-item-title elementor-repeater-item-7f513c5 wpr-grid-item-display-custom wpr-grid-item-align-left wpr-pointer-none wpr-pointer-line-fx wpr-pointer-fx-slide\"><div class=\"inner-block\"><a target=\"_self\"  href=\"https:\/\/proequity.es\/en\/getafe-se-consolida-como-polo-logistico-estrategico-en-la-primera-corona-de-madrid\/\">Getafe se consolida como polo log\u00edstico estrat\u00e9gico en la primera corona de&hellip;<\/a><\/div><\/div><div class=\"wpr-grid-item-read-more elementor-repeater-item-fddbaa8 wpr-grid-item-display-block wpr-grid-item-align-left\"><div class=\"inner-block\"><a target=\"_self\" href=\"https:\/\/proequity.es\/en\/getafe-se-consolida-como-polo-logistico-estrategico-en-la-primera-corona-de-madrid\/\" class=\"wpr-button-effect wpr-button-none\"><span>Leer M\u00e1s &gt;&gt;<\/span><\/a><\/div><\/div><div class=\"wpr-grid-item-separator elementor-repeater-item-06d30e2 wpr-grid-item-display-block wpr-grid-item-align-left wpr-grid-sep-style-1\"><div class=\"inner-block\"><span><\/span><\/div><\/div><div class=\"wpr-grid-item-date elementor-repeater-item-c8586f2 wpr-grid-item-display-inline wpr-grid-item-align-left\"><div class=\"inner-block\"><span>12 de May de 2026<span class=\"wpr-grid-extra-text-right\">\/<\/span><\/span><\/div><\/div><\/div><\/div><\/article><article class=\"wpr-grid-item elementor-clearfix post-8877 post type-post status-publish format-standard has-post-thumbnail hentry category-noticias\"><div class=\"wpr-grid-item-inner\"><div class=\"wpr-grid-media-wrap wpr-effect-size-medium\" data-overlay-link=\"yes\"><div class=\"wpr-grid-image-wrap\" data-src=\"https:\/\/proequity.es\/wp-content\/uploads\/2026\/04\/Patrizia-Ontigola-Aerial-1.png\" data-img-on-hover=\"\"  data-src-secondary=\"\"><img decoding=\"async\" data-no-lazy=\"1\" src=\"https:\/\/proequity.es\/wp-content\/uploads\/2026\/04\/Patrizia-Ontigola-Aerial-1.png\" alt=\"Proequity y Savills comercializan para PATRIZIA una nave log\u00edstica de casi 34.000 m\u00b2 en Toledo\" class=\"wpr-anim-timing-ease-default\"><\/div><div class=\"wpr-grid-media-hover wpr-animation-wrap\"><div class=\"wpr-grid-media-hover-bg  wpr-overlay-fade-in wpr-anim-size-large wpr-anim-timing-ease-default wpr-anim-transparency\" data-url=\"https:\/\/proequity.es\/en\/proequity-y-savills-comercializan-para-patrizia-una-nave-logistica-de-casi-34-000-m%c2%b2-en-toledo\/\"><\/div><\/div><\/div><div class=\"wpr-grid-item-below-content elementor-clearfix\"><div class=\"wpr-grid-item-lightbox elementor-repeater-item-688ca53 wpr-grid-item-display-block wpr-grid-item-align-left\"><div class=\"inner-block\"><span data-src=\"https:\/\/proequity.es\/wp-content\/uploads\/2026\/04\/Patrizia-Ontigola-Aerial-1.png\"><i class=\"fas fa-search\"><\/i><\/span><\/div><\/div><div class=\"wpr-grid-item-title elementor-repeater-item-7f513c5 wpr-grid-item-display-custom wpr-grid-item-align-left wpr-pointer-none wpr-pointer-line-fx wpr-pointer-fx-slide\"><div class=\"inner-block\"><a target=\"_self\"  href=\"https:\/\/proequity.es\/en\/proequity-y-savills-comercializan-para-patrizia-una-nave-logistica-de-casi-34-000-m%c2%b2-en-toledo\/\">Proequity y Savills comercializan para PATRIZIA una nave log\u00edstica de casi 34.000&hellip;<\/a><\/div><\/div><div class=\"wpr-grid-item-read-more elementor-repeater-item-fddbaa8 wpr-grid-item-display-block wpr-grid-item-align-left\"><div class=\"inner-block\"><a target=\"_self\" href=\"https:\/\/proequity.es\/en\/proequity-y-savills-comercializan-para-patrizia-una-nave-logistica-de-casi-34-000-m%c2%b2-en-toledo\/\" class=\"wpr-button-effect wpr-button-none\"><span>Leer M\u00e1s &gt;&gt;<\/span><\/a><\/div><\/div><div class=\"wpr-grid-item-separator elementor-repeater-item-06d30e2 wpr-grid-item-display-block wpr-grid-item-align-left wpr-grid-sep-style-1\"><div class=\"inner-block\"><span><\/span><\/div><\/div><div class=\"wpr-grid-item-date elementor-repeater-item-c8586f2 wpr-grid-item-display-inline wpr-grid-item-align-left\"><div class=\"inner-block\"><span>20 de April de 2026<span class=\"wpr-grid-extra-text-right\">\/<\/span><\/span><\/div><\/div><\/div><\/div><\/article><article class=\"wpr-grid-item elementor-clearfix post-8809 post type-post status-publish format-standard has-post-thumbnail hentry category-noticias\"><div class=\"wpr-grid-item-inner\"><div class=\"wpr-grid-media-wrap wpr-effect-size-medium\" data-overlay-link=\"yes\"><div class=\"wpr-grid-image-wrap\" data-src=\"https:\/\/proequity.es\/wp-content\/uploads\/2026\/03\/Ley-de-suelo.png\" data-img-on-hover=\"\"  data-src-secondary=\"\"><img decoding=\"async\" data-no-lazy=\"1\" src=\"https:\/\/proequity.es\/wp-content\/uploads\/2026\/03\/Ley-de-suelo.png\" alt=\"La nueva Ley del Suelo de Madrid, clave para reactivar la log\u00edstica\" class=\"wpr-anim-timing-ease-default\"><\/div><div class=\"wpr-grid-media-hover wpr-animation-wrap\"><div class=\"wpr-grid-media-hover-bg  wpr-overlay-fade-in wpr-anim-size-large wpr-anim-timing-ease-default wpr-anim-transparency\" data-url=\"https:\/\/proequity.es\/en\/la-nueva-ley-del-suelo-de-madrid-clave-para-reactivar-la-logistica\/\"><\/div><\/div><\/div><div class=\"wpr-grid-item-below-content elementor-clearfix\"><div class=\"wpr-grid-item-lightbox elementor-repeater-item-688ca53 wpr-grid-item-display-block wpr-grid-item-align-left\"><div class=\"inner-block\"><span data-src=\"https:\/\/proequity.es\/wp-content\/uploads\/2026\/03\/Ley-de-suelo.png\"><i class=\"fas fa-search\"><\/i><\/span><\/div><\/div><div class=\"wpr-grid-item-title elementor-repeater-item-7f513c5 wpr-grid-item-display-custom wpr-grid-item-align-left wpr-pointer-none wpr-pointer-line-fx wpr-pointer-fx-slide\"><div class=\"inner-block\"><a target=\"_self\"  href=\"https:\/\/proequity.es\/en\/la-nueva-ley-del-suelo-de-madrid-clave-para-reactivar-la-logistica\/\">La nueva Ley del Suelo de Madrid, clave para reactivar la log\u00edstica<\/a><\/div><\/div><div class=\"wpr-grid-item-read-more elementor-repeater-item-fddbaa8 wpr-grid-item-display-block wpr-grid-item-align-left\"><div class=\"inner-block\"><a target=\"_self\" href=\"https:\/\/proequity.es\/en\/la-nueva-ley-del-suelo-de-madrid-clave-para-reactivar-la-logistica\/\" class=\"wpr-button-effect wpr-button-none\"><span>Leer M\u00e1s &gt;&gt;<\/span><\/a><\/div><\/div><div class=\"wpr-grid-item-separator elementor-repeater-item-06d30e2 wpr-grid-item-display-block wpr-grid-item-align-left wpr-grid-sep-style-1\"><div class=\"inner-block\"><span><\/span><\/div><\/div><div class=\"wpr-grid-item-date elementor-repeater-item-c8586f2 wpr-grid-item-display-inline wpr-grid-item-align-left\"><div class=\"inner-block\"><span>23 de March de 2026<span class=\"wpr-grid-extra-text-right\">\/<\/span><\/span><\/div><\/div><\/div><\/div><\/article><article class=\"wpr-grid-item elementor-clearfix post-8662 post type-post status-publish format-standard has-post-thumbnail hentry category-noticias\"><div class=\"wpr-grid-item-inner\"><div class=\"wpr-grid-media-wrap wpr-effect-size-medium\" data-overlay-link=\"yes\"><div class=\"wpr-grid-image-wrap\" data-src=\"https:\/\/proequity.es\/wp-content\/uploads\/2026\/01\/2.jpg\" data-img-on-hover=\"\"  data-src-secondary=\"\"><img decoding=\"async\" data-no-lazy=\"1\" src=\"https:\/\/proequity.es\/wp-content\/uploads\/2026\/01\/2.jpg\" alt=\"Los camiones aut\u00f3nomos podr\u00edan contribuir a aliviar la escasez de conductores en Espa\u00f1a a medio y largo plazo\" class=\"wpr-anim-timing-ease-default\"><\/div><div class=\"wpr-grid-media-hover wpr-animation-wrap\"><div class=\"wpr-grid-media-hover-bg  wpr-overlay-fade-in wpr-anim-size-large wpr-anim-timing-ease-default wpr-anim-transparency\" data-url=\"https:\/\/proequity.es\/en\/los-camiones-autonomos-podrian-contribuir-a-aliviar-la-escasez-de-conductores-en-espana-a-medio-y-largo-plazo\/\"><\/div><\/div><\/div><div class=\"wpr-grid-item-below-content elementor-clearfix\"><div class=\"wpr-grid-item-lightbox elementor-repeater-item-688ca53 wpr-grid-item-display-block wpr-grid-item-align-left\"><div class=\"inner-block\"><span data-src=\"https:\/\/proequity.es\/wp-content\/uploads\/2026\/01\/2.jpg\"><i class=\"fas fa-search\"><\/i><\/span><\/div><\/div><div class=\"wpr-grid-item-title elementor-repeater-item-7f513c5 wpr-grid-item-display-custom wpr-grid-item-align-left wpr-pointer-none wpr-pointer-line-fx wpr-pointer-fx-slide\"><div class=\"inner-block\"><a target=\"_self\"  href=\"https:\/\/proequity.es\/en\/los-camiones-autonomos-podrian-contribuir-a-aliviar-la-escasez-de-conductores-en-espana-a-medio-y-largo-plazo\/\">Los camiones aut\u00f3nomos podr\u00edan contribuir a aliviar la escasez de conductores en&hellip;<\/a><\/div><\/div><div class=\"wpr-grid-item-read-more elementor-repeater-item-fddbaa8 wpr-grid-item-display-block wpr-grid-item-align-left\"><div class=\"inner-block\"><a target=\"_self\" href=\"https:\/\/proequity.es\/en\/los-camiones-autonomos-podrian-contribuir-a-aliviar-la-escasez-de-conductores-en-espana-a-medio-y-largo-plazo\/\" class=\"wpr-button-effect wpr-button-none\"><span>Leer M\u00e1s &gt;&gt;<\/span><\/a><\/div><\/div><div class=\"wpr-grid-item-separator elementor-repeater-item-06d30e2 wpr-grid-item-display-block wpr-grid-item-align-left wpr-grid-sep-style-1\"><div class=\"inner-block\"><span><\/span><\/div><\/div><div class=\"wpr-grid-item-date elementor-repeater-item-c8586f2 wpr-grid-item-display-inline wpr-grid-item-align-left\"><div class=\"inner-block\"><span>19 de January de 2026<span class=\"wpr-grid-extra-text-right\">\/<\/span><\/span><\/div><\/div><\/div><\/div><\/article><article class=\"wpr-grid-item elementor-clearfix post-8622 post type-post status-publish format-standard has-post-thumbnail hentry category-noticias\"><div class=\"wpr-grid-item-inner\"><div class=\"wpr-grid-media-wrap wpr-effect-size-medium\" data-overlay-link=\"yes\"><div class=\"wpr-grid-image-wrap\" data-src=\"https:\/\/proequity.es\/wp-content\/uploads\/2025\/11\/camiones-autonomos.png\" data-img-on-hover=\"\"  data-src-secondary=\"\"><img decoding=\"async\" data-no-lazy=\"1\" src=\"https:\/\/proequity.es\/wp-content\/uploads\/2025\/11\/camiones-autonomos.png\" alt=\"Camiones aut\u00f3nomos: hasta un 30% de ahorro en transporte global\" class=\"wpr-anim-timing-ease-default\"><\/div><div class=\"wpr-grid-media-hover wpr-animation-wrap\"><div class=\"wpr-grid-media-hover-bg  wpr-overlay-fade-in wpr-anim-size-large wpr-anim-timing-ease-default wpr-anim-transparency\" data-url=\"https:\/\/proequity.es\/en\/camiones-autonomos-hasta-un-30-de-ahorro-en-transporte-global\/\"><\/div><\/div><\/div><div class=\"wpr-grid-item-below-content elementor-clearfix\"><div class=\"wpr-grid-item-lightbox elementor-repeater-item-688ca53 wpr-grid-item-display-block wpr-grid-item-align-left\"><div class=\"inner-block\"><span data-src=\"https:\/\/proequity.es\/wp-content\/uploads\/2025\/11\/camiones-autonomos.png\"><i class=\"fas fa-search\"><\/i><\/span><\/div><\/div><div class=\"wpr-grid-item-title elementor-repeater-item-7f513c5 wpr-grid-item-display-custom wpr-grid-item-align-left wpr-pointer-none wpr-pointer-line-fx wpr-pointer-fx-slide\"><div class=\"inner-block\"><a target=\"_self\"  href=\"https:\/\/proequity.es\/en\/camiones-autonomos-hasta-un-30-de-ahorro-en-transporte-global\/\">Camiones aut\u00f3nomos: hasta un 30% de ahorro en transporte global<\/a><\/div><\/div><div class=\"wpr-grid-item-read-more elementor-repeater-item-fddbaa8 wpr-grid-item-display-block wpr-grid-item-align-left\"><div class=\"inner-block\"><a target=\"_self\" href=\"https:\/\/proequity.es\/en\/camiones-autonomos-hasta-un-30-de-ahorro-en-transporte-global\/\" class=\"wpr-button-effect wpr-button-none\"><span>Leer M\u00e1s &gt;&gt;<\/span><\/a><\/div><\/div><div class=\"wpr-grid-item-separator elementor-repeater-item-06d30e2 wpr-grid-item-display-block wpr-grid-item-align-left wpr-grid-sep-style-1\"><div class=\"inner-block\"><span><\/span><\/div><\/div><div class=\"wpr-grid-item-date elementor-repeater-item-c8586f2 wpr-grid-item-display-inline wpr-grid-item-align-left\"><div class=\"inner-block\"><span>17 de December de 2025<span class=\"wpr-grid-extra-text-right\">\/<\/span><\/span><\/div><\/div><\/div><\/div><\/article><article class=\"wpr-grid-item elementor-clearfix post-8642 post type-post status-publish format-standard has-post-thumbnail hentry category-noticias\"><div class=\"wpr-grid-item-inner\"><div class=\"wpr-grid-media-wrap wpr-effect-size-medium\" data-overlay-link=\"yes\"><div class=\"wpr-grid-image-wrap\" data-src=\"https:\/\/proequity.es\/wp-content\/uploads\/2025\/12\/PP10-LEGANES-M-50.png\" data-img-on-hover=\"\"  data-src-secondary=\"\"><img decoding=\"async\" data-no-lazy=\"1\" src=\"https:\/\/proequity.es\/wp-content\/uploads\/2025\/12\/PP10-LEGANES-M-50.png\" alt=\"El nuevo proyecto log\u00edstico de PP-10 M-50 Legan\u00e9s prev\u00e9 una inversi\u00f3n superior a 30 millones y la creaci\u00f3n de m\u00e1s de 400 nuevos empleos\" class=\"wpr-anim-timing-ease-default\"><\/div><div class=\"wpr-grid-media-hover wpr-animation-wrap\"><div class=\"wpr-grid-media-hover-bg  wpr-overlay-fade-in wpr-anim-size-large wpr-anim-timing-ease-default wpr-anim-transparency\" data-url=\"https:\/\/proequity.es\/en\/el-nuevo-proyecto-logistico-de-pp-10-m-50-leganes-preve-una-inversion-superior-a-30-millones-y-la-creacion-de-mas-de-400-nuevos-empleos\/\"><\/div><\/div><\/div><div class=\"wpr-grid-item-below-content elementor-clearfix\"><div class=\"wpr-grid-item-lightbox elementor-repeater-item-688ca53 wpr-grid-item-display-block wpr-grid-item-align-left\"><div class=\"inner-block\"><span data-src=\"https:\/\/proequity.es\/wp-content\/uploads\/2025\/12\/PP10-LEGANES-M-50.png\"><i class=\"fas fa-search\"><\/i><\/span><\/div><\/div><div class=\"wpr-grid-item-title elementor-repeater-item-7f513c5 wpr-grid-item-display-custom wpr-grid-item-align-left wpr-pointer-none wpr-pointer-line-fx wpr-pointer-fx-slide\"><div class=\"inner-block\"><a target=\"_self\"  href=\"https:\/\/proequity.es\/en\/el-nuevo-proyecto-logistico-de-pp-10-m-50-leganes-preve-una-inversion-superior-a-30-millones-y-la-creacion-de-mas-de-400-nuevos-empleos\/\">El nuevo proyecto log\u00edstico de PP-10 M-50 Legan\u00e9s prev\u00e9 una inversi\u00f3n superior&hellip;<\/a><\/div><\/div><div class=\"wpr-grid-item-read-more elementor-repeater-item-fddbaa8 wpr-grid-item-display-block wpr-grid-item-align-left\"><div class=\"inner-block\"><a target=\"_self\" href=\"https:\/\/proequity.es\/en\/el-nuevo-proyecto-logistico-de-pp-10-m-50-leganes-preve-una-inversion-superior-a-30-millones-y-la-creacion-de-mas-de-400-nuevos-empleos\/\" class=\"wpr-button-effect wpr-button-none\"><span>Leer M\u00e1s &gt;&gt;<\/span><\/a><\/div><\/div><div class=\"wpr-grid-item-separator elementor-repeater-item-06d30e2 wpr-grid-item-display-block wpr-grid-item-align-left wpr-grid-sep-style-1\"><div class=\"inner-block\"><span><\/span><\/div><\/div><div class=\"wpr-grid-item-date elementor-repeater-item-c8586f2 wpr-grid-item-display-inline wpr-grid-item-align-left\"><div class=\"inner-block\"><span>1 de December de 2025<span class=\"wpr-grid-extra-text-right\">\/<\/span><\/span><\/div><\/div><\/div><\/div><\/article><article class=\"wpr-grid-item elementor-clearfix post-8616 post type-post status-publish format-standard has-post-thumbnail hentry category-noticias\"><div class=\"wpr-grid-item-inner\"><div class=\"wpr-grid-media-wrap wpr-effect-size-medium\" data-overlay-link=\"yes\"><div class=\"wpr-grid-image-wrap\" data-src=\"https:\/\/proequity.es\/wp-content\/uploads\/2025\/11\/30-anos.png\" data-img-on-hover=\"\"  data-src-secondary=\"\"><img decoding=\"async\" data-no-lazy=\"1\" src=\"https:\/\/proequity.es\/wp-content\/uploads\/2025\/11\/30-anos.png\" alt=\"De almac\u00e9n a ecosistema conectado: 30 a\u00f1os que reescriben el real estate log\u00edstico\" class=\"wpr-anim-timing-ease-default\"><\/div><div class=\"wpr-grid-media-hover wpr-animation-wrap\"><div class=\"wpr-grid-media-hover-bg  wpr-overlay-fade-in wpr-anim-size-large wpr-anim-timing-ease-default wpr-anim-transparency\" data-url=\"https:\/\/proequity.es\/en\/de-almacen-a-ecosistema-conectado-30-anos-que-reescriben-el-real-estate-logistico\/\"><\/div><\/div><\/div><div class=\"wpr-grid-item-below-content elementor-clearfix\"><div class=\"wpr-grid-item-lightbox elementor-repeater-item-688ca53 wpr-grid-item-display-block wpr-grid-item-align-left\"><div class=\"inner-block\"><span data-src=\"https:\/\/proequity.es\/wp-content\/uploads\/2025\/11\/30-anos.png\"><i class=\"fas fa-search\"><\/i><\/span><\/div><\/div><div class=\"wpr-grid-item-title elementor-repeater-item-7f513c5 wpr-grid-item-display-custom wpr-grid-item-align-left wpr-pointer-none wpr-pointer-line-fx wpr-pointer-fx-slide\"><div class=\"inner-block\"><a target=\"_self\"  href=\"https:\/\/proequity.es\/en\/de-almacen-a-ecosistema-conectado-30-anos-que-reescriben-el-real-estate-logistico\/\">De almac\u00e9n a ecosistema conectado: 30 a\u00f1os que reescriben el real estate&hellip;<\/a><\/div><\/div><div class=\"wpr-grid-item-read-more elementor-repeater-item-fddbaa8 wpr-grid-item-display-block wpr-grid-item-align-left\"><div class=\"inner-block\"><a target=\"_self\" href=\"https:\/\/proequity.es\/en\/de-almacen-a-ecosistema-conectado-30-anos-que-reescriben-el-real-estate-logistico\/\" class=\"wpr-button-effect wpr-button-none\"><span>Leer M\u00e1s &gt;&gt;<\/span><\/a><\/div><\/div><div class=\"wpr-grid-item-separator elementor-repeater-item-06d30e2 wpr-grid-item-display-block wpr-grid-item-align-left wpr-grid-sep-style-1\"><div class=\"inner-block\"><span><\/span><\/div><\/div><div class=\"wpr-grid-item-date elementor-repeater-item-c8586f2 wpr-grid-item-display-inline wpr-grid-item-align-left\"><div class=\"inner-block\"><span>13 de November de 2025<span class=\"wpr-grid-extra-text-right\">\/<\/span><\/span><\/div><\/div><\/div><\/div><\/article><article class=\"wpr-grid-item elementor-clearfix post-8573 post type-post status-publish format-standard has-post-thumbnail hentry category-noticias\"><div class=\"wpr-grid-item-inner\"><div class=\"wpr-grid-media-wrap wpr-effect-size-medium\" data-overlay-link=\"yes\"><div class=\"wpr-grid-image-wrap\" data-src=\"https:\/\/proequity.es\/wp-content\/uploads\/2025\/09\/ferrocarril.jpg\" data-img-on-hover=\"\"  data-src-secondary=\"\"><img decoding=\"async\" data-no-lazy=\"1\" src=\"https:\/\/proequity.es\/wp-content\/uploads\/2025\/09\/ferrocarril.jpg\" alt=\"El impulso ferroviario, motor decisivo para el desarrollo inmolog\u00edstico sostenible y competitivo en Espa\u00f1a\" class=\"wpr-anim-timing-ease-default\"><\/div><div class=\"wpr-grid-media-hover wpr-animation-wrap\"><div class=\"wpr-grid-media-hover-bg  wpr-overlay-fade-in wpr-anim-size-large wpr-anim-timing-ease-default wpr-anim-transparency\" data-url=\"https:\/\/proequity.es\/en\/el-impulso-ferroviario-motor-decisivo-para-el-desarrollo-inmologistico-sostenible-y-competitivo-en-espana\/\"><\/div><\/div><\/div><div class=\"wpr-grid-item-below-content elementor-clearfix\"><div class=\"wpr-grid-item-lightbox elementor-repeater-item-688ca53 wpr-grid-item-display-block wpr-grid-item-align-left\"><div class=\"inner-block\"><span data-src=\"https:\/\/proequity.es\/wp-content\/uploads\/2025\/09\/ferrocarril.jpg\"><i class=\"fas fa-search\"><\/i><\/span><\/div><\/div><div class=\"wpr-grid-item-title elementor-repeater-item-7f513c5 wpr-grid-item-display-custom wpr-grid-item-align-left wpr-pointer-none wpr-pointer-line-fx wpr-pointer-fx-slide\"><div class=\"inner-block\"><a target=\"_self\"  href=\"https:\/\/proequity.es\/en\/el-impulso-ferroviario-motor-decisivo-para-el-desarrollo-inmologistico-sostenible-y-competitivo-en-espana\/\">El impulso ferroviario, motor decisivo para el desarrollo inmolog\u00edstico sostenible y competitivo&hellip;<\/a><\/div><\/div><div class=\"wpr-grid-item-read-more elementor-repeater-item-fddbaa8 wpr-grid-item-display-block wpr-grid-item-align-left\"><div class=\"inner-block\"><a target=\"_self\" href=\"https:\/\/proequity.es\/en\/el-impulso-ferroviario-motor-decisivo-para-el-desarrollo-inmologistico-sostenible-y-competitivo-en-espana\/\" class=\"wpr-button-effect wpr-button-none\"><span>Leer M\u00e1s &gt;&gt;<\/span><\/a><\/div><\/div><div class=\"wpr-grid-item-separator elementor-repeater-item-06d30e2 wpr-grid-item-display-block wpr-grid-item-align-left wpr-grid-sep-style-1\"><div class=\"inner-block\"><span><\/span><\/div><\/div><div class=\"wpr-grid-item-date elementor-repeater-item-c8586f2 wpr-grid-item-display-inline wpr-grid-item-align-left\"><div class=\"inner-block\"><span>2 de September de 2025<span class=\"wpr-grid-extra-text-right\">\/<\/span><\/span><\/div><\/div><\/div><\/div><\/article><\/section><div class=\"wpr-grid-slider-arrow-container\"><div class=\"wpr-grid-slider-prev-arrow wpr-grid-slider-arrow\" id=\"wpr-grid-slider-prev-3ff44d2\"><svg version=\"1.1\" xmlns=\"http:\/\/www.w3.org\/2000\/svg\" xmlns:xlink=\"http:\/\/www.w3.org\/1999\/xlink\" x=\"0px\" y=\"0px\" viewbox=\"0 0 283.4 512\" style=\"enable-background:new 0 0 283.4 512;\" xml:space=\"preserve\"><g><polygon class=\"st0\" points=\"54.5,256.3 283.4,485.1 256.1,512.5 0,256.3 0,256.3 27.2,229 256.1,0 283.4,27.4 \"\/><\/g><\/svg><\/div><div class=\"wpr-grid-slider-next-arrow wpr-grid-slider-arrow\" id=\"wpr-grid-slider-next-3ff44d2\"><svg version=\"1.1\" xmlns=\"http:\/\/www.w3.org\/2000\/svg\" xmlns:xlink=\"http:\/\/www.w3.org\/1999\/xlink\" x=\"0px\" y=\"0px\" viewbox=\"0 0 283.4 512\" style=\"enable-background:new 0 0 283.4 512;\" xml:space=\"preserve\"><g><polygon class=\"st0\" points=\"54.5,256.3 283.4,485.1 256.1,512.5 0,256.3 0,256.3 27.2,229 256.1,0 283.4,27.4 \"\/><\/g><\/svg><\/div><\/div><div class=\"wpr-grid-slider-dots\"><\/div>\t\t\t\t<\/div>\n\t\t\t\t<\/div>\n\t\t\t\t<div class=\"elementor-element elementor-element-bea4a3e elementor-align-right elementor-widget elementor-widget-button\" data-id=\"bea4a3e\" data-element_type=\"widget\" data-widget_type=\"button.default\">\n\t\t\t\t<div class=\"elementor-widget-container\">\n\t\t\t\t\t\t\t\t\t<div class=\"elementor-button-wrapper\">\n\t\t\t\t\t<a class=\"elementor-button elementor-button-link elementor-size-sm\" href=\"https:\/\/proequity.es\/en\/notas-de-prensa\/\">\n\t\t\t\t\t\t<span class=\"elementor-button-content-wrapper\">\n\t\t\t\t\t\t\t\t\t<span class=\"elementor-button-text\">Ver M\u00e1s<\/span>\n\t\t\t\t\t<\/span>\n\t\t\t\t\t<\/a>\n\t\t\t\t<\/div>\n\t\t\t\t\t\t\t\t<\/div>\n\t\t\t\t<\/div>\n\t\t\t\t<\/div>\n\t\t\t\t\t<\/div>\n\t\t\t\t<\/div>\n\t\t\t\t\t<\/div>\n\t\t<\/div>\n\t\t\t\t\t<\/div>\n\t\t<\/section>\n\t\t\t\t<section class=\"elementor-section elementor-top-section elementor-element elementor-element-f6ffa62 elementor-section-stretched elementor-section-boxed elementor-section-height-default elementor-section-height-default wpr-particle-no wpr-jarallax-no wpr-parallax-no wpr-sticky-section-no\" data-id=\"f6ffa62\" data-element_type=\"section\" data-settings=\"{&quot;background_background&quot;:&quot;classic&quot;,&quot;stretch_section&quot;:&quot;section-stretched&quot;,&quot;_ha_eqh_enable&quot;:false}\">\n\t\t\t\t\t\t<div class=\"elementor-container elementor-column-gap-default\">\n\t\t\t\t\t<div class=\"elementor-column elementor-col-100 elementor-top-column elementor-element elementor-element-83b6863\" data-id=\"83b6863\" data-element_type=\"column\">\n\t\t\t<div class=\"elementor-widget-wrap elementor-element-populated\">\n\t\t\t\t\t\t<div class=\"elementor-element elementor-element-2b4a78b elementor-align-center elementor-widget elementor-widget-button\" data-id=\"2b4a78b\" data-element_type=\"widget\" data-widget_type=\"button.default\">\n\t\t\t\t<div class=\"elementor-widget-container\">\n\t\t\t\t\t\t\t\t\t<div class=\"elementor-button-wrapper\">\n\t\t\t\t\t<a class=\"elementor-button elementor-button-link elementor-size-sm\" href=\"\/en\/contacto\/\">\n\t\t\t\t\t\t<span class=\"elementor-button-content-wrapper\">\n\t\t\t\t\t\t<span class=\"elementor-button-icon\">\n\t\t\t\t<svg aria-hidden=\"true\" class=\"e-font-icon-svg e-fas-arrow-right\" viewbox=\"0 0 448 512\" xmlns=\"http:\/\/www.w3.org\/2000\/svg\"><path d=\"M190.5 66.9l22.2-22.2c9.4-9.4 24.6-9.4 33.9 0L441 239c9.4 9.4 9.4 24.6 0 33.9L246.6 467.3c-9.4 9.4-24.6 9.4-33.9 0l-22.2-22.2c-9.5-9.5-9.3-25 .4-34.3L311.4 296H24c-13.3 0-24-10.7-24-24v-32c0-13.3 10.7-24 24-24h287.4L190.9 101.2c-9.8-9.3-10-24.8-.4-34.3z\"><\/path><\/svg>\t\t\t<\/span>\n\t\t\t\t\t\t\t\t\t<span class=\"elementor-button-text\">GET IN TOUCH WITH US<\/span>\n\t\t\t\t\t<\/span>\n\t\t\t\t\t<\/a>\n\t\t\t\t<\/div>\n\t\t\t\t\t\t\t\t<\/div>\n\t\t\t\t<\/div>\n\t\t\t\t\t<\/div>\n\t\t<\/div>\n\t\t\t\t\t<\/div>\n\t\t<\/section>\n\t\t\t\t<\/div>","protected":false},"excerpt":{"rendered":"<p>M\u00e1s de 2,7 millones de m\u00b2 contratados reactivan el inter\u00e9s por transformar activos log\u00edsticos obsoletos Proequity se\u00f1ala que el reposicionamiento de inmuebles log\u00edsticos antiguos puede ayudar a generar nuevo producto log\u00edstico e industrial en ubicaciones consolidadas, siempre que exista viabilidad urban\u00edstica, estructural, t\u00e9cnica, energ\u00e9tica, funcional y comercial. Imagen generada por inteligencia artificial \u00a0 Madrid, 2<\/p>","protected":false},"author":13,"featured_media":9180,"comment_status":"closed","ping_status":"open","sticky":false,"template":"elementor_header_footer","format":"standard","meta":{"_acf_changed":false,"site-sidebar-layout":"default","site-content-layout":"","ast-site-content-layout":"default","site-content-style":"default","site-sidebar-style":"default","ast-global-header-display":"","ast-banner-title-visibility":"","ast-main-header-display":"","ast-hfb-above-header-display":"","ast-hfb-below-header-display":"","ast-hfb-mobile-header-display":"","site-post-title":"","ast-breadcrumbs-content":"","ast-featured-img":"disabled","footer-sml-layout":"","theme-transparent-header-meta":"","adv-header-id-meta":"","stick-header-meta":"","header-above-stick-meta":"","header-main-stick-meta":"","header-below-stick-meta":"","astra-migrate-meta-layouts":"set","ast-page-background-enabled":"default","ast-page-background-meta":{"desktop":{"background-color":"","background-image":"","background-repeat":"repeat","background-position":"center center","background-size":"auto","background-attachment":"scroll","background-type":"","background-media":"","overlay-type":"","overlay-color":"","overlay-opacity":"","overlay-gradient":""},"tablet":{"background-color":"","background-image":"","background-repeat":"repeat","background-position":"center center","background-size":"auto","background-attachment":"scroll","background-type":"","background-media":"","overlay-type":"","overlay-color":"","overlay-opacity":"","overlay-gradient":""},"mobile":{"background-color":"","background-image":"","background-repeat":"repeat","background-position":"center center","background-size":"auto","background-attachment":"scroll","background-type":"","background-media":"","overlay-type":"","overlay-color":"","overlay-opacity":"","overlay-gradient":""}},"ast-content-background-meta":{"desktop":{"background-color":"var(--ast-global-color-5)","background-image":"","background-repeat":"repeat","background-position":"center center","background-size":"auto","background-attachment":"scroll","background-type":"","background-media":"","overlay-type":"","overlay-color":"","overlay-opacity":"","overlay-gradient":""},"tablet":{"background-color":"var(--ast-global-color-5)","background-image":"","background-repeat":"repeat","background-position":"center center","background-size":"auto","background-attachment":"scroll","background-type":"","background-media":"","overlay-type":"","overlay-color":"","overlay-opacity":"","overlay-gradient":""},"mobile":{"background-color":"var(--ast-global-color-5)","background-image":"","background-repeat":"repeat","background-position":"center center","background-size":"auto","background-attachment":"scroll","background-type":"","background-media":"","overlay-type":"","overlay-color":"","overlay-opacity":"","overlay-gradient":""}},"footnotes":""},"categories":[85],"tags":[],"class_list":["post-9177","post","type-post","status-publish","format-standard","has-post-thumbnail","hentry","category-noticias"],"acf":[],"_links":{"self":[{"href":"https:\/\/proequity.es\/en\/wp-json\/wp\/v2\/posts\/9177","targetHints":{"allow":["GET"]}}],"collection":[{"href":"https:\/\/proequity.es\/en\/wp-json\/wp\/v2\/posts"}],"about":[{"href":"https:\/\/proequity.es\/en\/wp-json\/wp\/v2\/types\/post"}],"author":[{"embeddable":true,"href":"https:\/\/proequity.es\/en\/wp-json\/wp\/v2\/users\/13"}],"replies":[{"embeddable":true,"href":"https:\/\/proequity.es\/en\/wp-json\/wp\/v2\/comments?post=9177"}],"version-history":[{"count":7,"href":"https:\/\/proequity.es\/en\/wp-json\/wp\/v2\/posts\/9177\/revisions"}],"predecessor-version":[{"id":9202,"href":"https:\/\/proequity.es\/en\/wp-json\/wp\/v2\/posts\/9177\/revisions\/9202"}],"wp:featuredmedia":[{"embeddable":true,"href":"https:\/\/proequity.es\/en\/wp-json\/wp\/v2\/media\/9180"}],"wp:attachment":[{"href":"https:\/\/proequity.es\/en\/wp-json\/wp\/v2\/media?parent=9177"}],"wp:term":[{"taxonomy":"category","embeddable":true,"href":"https:\/\/proequity.es\/en\/wp-json\/wp\/v2\/categories?post=9177"},{"taxonomy":"post_tag","embeddable":true,"href":"https:\/\/proequity.es\/en\/wp-json\/wp\/v2\/tags?post=9177"}],"curies":[{"name":"wp","href":"https:\/\/api.w.org\/{rel}","templated":true}]}}