{"id":8622,"date":"2025-12-17T09:33:37","date_gmt":"2025-12-17T08:33:37","guid":{"rendered":"https:\/\/proequity.es\/?p=8622"},"modified":"2025-12-17T09:38:13","modified_gmt":"2025-12-17T08:38:13","slug":"camiones-autonomos-hasta-un-30-de-ahorro-en-transporte-global","status":"publish","type":"post","link":"https:\/\/proequity.es\/en\/camiones-autonomos-hasta-un-30-de-ahorro-en-transporte-global\/","title":{"rendered":"Camiones aut\u00f3nomos: hasta un 30% de ahorro en transporte global"},"content":{"rendered":"<div data-elementor-type=\"wp-post\" data-elementor-id=\"8622\" class=\"elementor elementor-8622\" data-elementor-settings=\"{&quot;ha_cmc_init_switcher&quot;:&quot;no&quot;}\" data-elementor-post-type=\"post\">\n\t\t\t\t<div class=\"elementor-element elementor-element-2760407 e-flex e-con-boxed wpr-particle-no wpr-jarallax-no wpr-parallax-no wpr-sticky-section-no e-con e-parent\" data-id=\"2760407\" data-element_type=\"container\" data-settings=\"{&quot;_ha_eqh_enable&quot;:false}\">\n\t\t\t\t\t<div class=\"e-con-inner\">\n\t\t\t\t\t<\/div>\n\t\t\t\t<\/div>\n\t\t\t\t<section class=\"elementor-section elementor-top-section elementor-element elementor-element-28b7389 elementor-section-stretched elementor-section-boxed elementor-section-height-default elementor-section-height-default wpr-particle-no wpr-jarallax-no wpr-parallax-no wpr-sticky-section-no\" data-id=\"28b7389\" data-element_type=\"section\" data-settings=\"{&quot;stretch_section&quot;:&quot;section-stretched&quot;,&quot;background_background&quot;:&quot;classic&quot;,&quot;_ha_eqh_enable&quot;:false}\">\n\t\t\t\t\t\t<div class=\"elementor-container elementor-column-gap-default\">\n\t\t\t\t\t<div class=\"elementor-column elementor-col-100 elementor-top-column elementor-element elementor-element-b440ea1\" data-id=\"b440ea1\" data-element_type=\"column\">\n\t\t\t<div class=\"elementor-widget-wrap elementor-element-populated\">\n\t\t\t\t\t\t\t<\/div>\n\t\t<\/div>\n\t\t\t\t\t<\/div>\n\t\t<\/section>\n\t\t\t\t<section class=\"elementor-section elementor-top-section elementor-element elementor-element-8255195 elementor-section-boxed elementor-section-height-default elementor-section-height-default wpr-particle-no wpr-jarallax-no wpr-parallax-no wpr-sticky-section-no\" data-id=\"8255195\" data-element_type=\"section\" data-settings=\"{&quot;_ha_eqh_enable&quot;:false}\">\n\t\t\t\t\t\t<div class=\"elementor-container elementor-column-gap-default\">\n\t\t\t\t\t<div class=\"elementor-column elementor-col-100 elementor-top-column elementor-element elementor-element-d9b2cfa\" data-id=\"d9b2cfa\" data-element_type=\"column\">\n\t\t\t<div class=\"elementor-widget-wrap elementor-element-populated\">\n\t\t\t\t\t\t<div class=\"elementor-element elementor-element-4381790 elementor-widget elementor-widget-spacer\" data-id=\"4381790\" data-element_type=\"widget\" data-widget_type=\"spacer.default\">\n\t\t\t\t<div class=\"elementor-widget-container\">\n\t\t\t\t\t\t\t<div class=\"elementor-spacer\">\n\t\t\t<div class=\"elementor-spacer-inner\"><\/div>\n\t\t<\/div>\n\t\t\t\t\t\t<\/div>\n\t\t\t\t<\/div>\n\t\t\t\t<div class=\"elementor-element elementor-element-59eecaa elementor-widget elementor-widget-heading\" data-id=\"59eecaa\" data-element_type=\"widget\" data-widget_type=\"heading.default\">\n\t\t\t\t<div class=\"elementor-widget-container\">\n\t\t\t\t\t<h2 class=\"elementor-heading-title elementor-size-default\">Camiones aut\u00f3nomos: hasta un 30% de ahorro en transporte global<\/h2>\t\t\t\t<\/div>\n\t\t\t\t<\/div>\n\t\t<div class=\"elementor-element elementor-element-aaf8541 e-grid e-con-full wpr-particle-no wpr-jarallax-no wpr-parallax-no wpr-sticky-section-no e-con e-parent\" data-id=\"aaf8541\" data-element_type=\"container\" data-settings=\"{&quot;_ha_eqh_enable&quot;:false}\">\n\t\t\t\t<div class=\"elementor-element elementor-element-2c802ad elementor-view-default elementor-widget elementor-widget-icon\" data-id=\"2c802ad\" data-element_type=\"widget\" data-widget_type=\"icon.default\">\n\t\t\t\t<div class=\"elementor-widget-container\">\n\t\t\t\t\t\t\t<div class=\"elementor-icon-wrapper\">\n\t\t\t<div class=\"elementor-icon\">\n\t\t\t<i aria-hidden=\"true\" class=\"hm hm-mail-open\"><\/i>\t\t\t<\/div>\n\t\t<\/div>\n\t\t\t\t\t\t<\/div>\n\t\t\t\t<\/div>\n\t\t\t\t<div class=\"elementor-element elementor-element-776a376 elementor-widget elementor-widget-spacer\" data-id=\"776a376\" data-element_type=\"widget\" data-widget_type=\"spacer.default\">\n\t\t\t\t<div class=\"elementor-widget-container\">\n\t\t\t\t\t\t\t<div class=\"elementor-spacer\">\n\t\t\t<div class=\"elementor-spacer-inner\"><\/div>\n\t\t<\/div>\n\t\t\t\t\t\t<\/div>\n\t\t\t\t<\/div>\n\t\t\t\t<div class=\"elementor-element elementor-element-412ac23 elementor-view-default elementor-widget elementor-widget-icon\" data-id=\"412ac23\" data-element_type=\"widget\" data-widget_type=\"icon.default\">\n\t\t\t\t<div class=\"elementor-widget-container\">\n\t\t\t\t\t\t\t<div class=\"elementor-icon-wrapper\">\n\t\t\t<div class=\"elementor-icon\">\n\t\t\t<i aria-hidden=\"true\" class=\"hm hm-mail-open\"><\/i>\t\t\t<\/div>\n\t\t<\/div>\n\t\t\t\t\t\t<\/div>\n\t\t\t\t<\/div>\n\t\t\t\t<div class=\"elementor-element elementor-element-a08ce72 elementor-view-default elementor-widget elementor-widget-icon\" data-id=\"a08ce72\" data-element_type=\"widget\" data-widget_type=\"icon.default\">\n\t\t\t\t<div class=\"elementor-widget-container\">\n\t\t\t\t\t\t\t<div class=\"elementor-icon-wrapper\">\n\t\t\t<div class=\"elementor-icon\">\n\t\t\t<i aria-hidden=\"true\" class=\"hm hm-mail-open\"><\/i>\t\t\t<\/div>\n\t\t<\/div>\n\t\t\t\t\t\t<\/div>\n\t\t\t\t<\/div>\n\t\t\t\t<div class=\"elementor-element elementor-element-69ca64b elementor-view-default elementor-widget elementor-widget-icon\" data-id=\"69ca64b\" data-element_type=\"widget\" data-widget_type=\"icon.default\">\n\t\t\t\t<div class=\"elementor-widget-container\">\n\t\t\t\t\t\t\t<div class=\"elementor-icon-wrapper\">\n\t\t\t<div class=\"elementor-icon\">\n\t\t\t<i aria-hidden=\"true\" class=\"hm hm-mail-open\"><\/i>\t\t\t<\/div>\n\t\t<\/div>\n\t\t\t\t\t\t<\/div>\n\t\t\t\t<\/div>\n\t\t\t\t<div class=\"elementor-element elementor-element-8ada9c4 elementor-view-default elementor-widget elementor-widget-icon\" data-id=\"8ada9c4\" data-element_type=\"widget\" data-widget_type=\"icon.default\">\n\t\t\t\t<div class=\"elementor-widget-container\">\n\t\t\t\t\t\t\t<div class=\"elementor-icon-wrapper\">\n\t\t\t<div class=\"elementor-icon\">\n\t\t\t<i aria-hidden=\"true\" class=\"hm hm-mail-open\"><\/i>\t\t\t<\/div>\n\t\t<\/div>\n\t\t\t\t\t\t<\/div>\n\t\t\t\t<\/div>\n\t\t\t\t<div class=\"elementor-element elementor-element-a36d1ec elementor-view-default elementor-widget elementor-widget-icon\" data-id=\"a36d1ec\" data-element_type=\"widget\" data-widget_type=\"icon.default\">\n\t\t\t\t<div class=\"elementor-widget-container\">\n\t\t\t\t\t\t\t<div class=\"elementor-icon-wrapper\">\n\t\t\t<div class=\"elementor-icon\">\n\t\t\t<i aria-hidden=\"true\" class=\"hm hm-mail-open\"><\/i>\t\t\t<\/div>\n\t\t<\/div>\n\t\t\t\t\t\t<\/div>\n\t\t\t\t<\/div>\n\t\t\t\t<div class=\"elementor-element elementor-element-935f6ac elementor-view-default elementor-widget elementor-widget-icon\" data-id=\"935f6ac\" data-element_type=\"widget\" data-widget_type=\"icon.default\">\n\t\t\t\t<div class=\"elementor-widget-container\">\n\t\t\t\t\t\t\t<div class=\"elementor-icon-wrapper\">\n\t\t\t<div class=\"elementor-icon\">\n\t\t\t<i aria-hidden=\"true\" class=\"hm hm-mail-open\"><\/i>\t\t\t<\/div>\n\t\t<\/div>\n\t\t\t\t\t\t<\/div>\n\t\t\t\t<\/div>\n\t\t\t\t<div class=\"elementor-element elementor-element-76b25d9 elementor-view-default elementor-widget elementor-widget-icon\" data-id=\"76b25d9\" data-element_type=\"widget\" data-widget_type=\"icon.default\">\n\t\t\t\t<div class=\"elementor-widget-container\">\n\t\t\t\t\t\t\t<div class=\"elementor-icon-wrapper\">\n\t\t\t<div class=\"elementor-icon\">\n\t\t\t<i aria-hidden=\"true\" class=\"hm hm-mail-open\"><\/i>\t\t\t<\/div>\n\t\t<\/div>\n\t\t\t\t\t\t<\/div>\n\t\t\t\t<\/div>\n\t\t\t\t<div class=\"elementor-element elementor-element-05643f2 elementor-view-default elementor-widget elementor-widget-icon\" data-id=\"05643f2\" data-element_type=\"widget\" data-widget_type=\"icon.default\">\n\t\t\t\t<div class=\"elementor-widget-container\">\n\t\t\t\t\t\t\t<div class=\"elementor-icon-wrapper\">\n\t\t\t<div class=\"elementor-icon\">\n\t\t\t<i aria-hidden=\"true\" class=\"hm hm-mail-open\"><\/i>\t\t\t<\/div>\n\t\t<\/div>\n\t\t\t\t\t\t<\/div>\n\t\t\t\t<\/div>\n\t\t\t\t<div class=\"elementor-element elementor-element-78d4c89 elementor-view-default elementor-widget elementor-widget-icon\" data-id=\"78d4c89\" data-element_type=\"widget\" data-widget_type=\"icon.default\">\n\t\t\t\t<div class=\"elementor-widget-container\">\n\t\t\t\t\t\t\t<div class=\"elementor-icon-wrapper\">\n\t\t\t<a class=\"elementor-icon\" href=\"mailto:?subject=Camiones%20aut\u00f3nomos%20hasta%20un%2030%%de%20ahorro%20en%20transporte%20globalbody=Aqu\u00ed%20tienes%20el%20enlace%20a%20la%20noticia:%20https:\/\/proequity.es\/camiones-autonomos-hasta-un-30-de-ahorro-en-transporte-global\/\">\n\t\t\t<i aria-hidden=\"true\" class=\"hm hm-mail-open\"><\/i>\t\t\t<\/a>\n\t\t<\/div>\n\t\t\t\t\t\t<\/div>\n\t\t\t\t<\/div>\n\t\t\t\t<div class=\"elementor-element elementor-element-2a564f5 elementor-view-default elementor-widget elementor-widget-icon\" data-id=\"2a564f5\" data-element_type=\"widget\" data-widget_type=\"icon.default\">\n\t\t\t\t<div class=\"elementor-widget-container\">\n\t\t\t\t\t\t\t<div class=\"elementor-icon-wrapper\">\n\t\t\t<a class=\"elementor-icon\" href=\"https:\/\/www.linkedin.com\/shareArticle?url=%20https:\/\/proequity.es\/camiones-autonomos-hasta-un-30-de-ahorro-en-transporte-global\/\">\n\t\t\t<svg aria-hidden=\"true\" class=\"e-font-icon-svg e-fab-linkedin-in\" viewbox=\"0 0 448 512\" xmlns=\"http:\/\/www.w3.org\/2000\/svg\"><path d=\"M100.28 448H7.4V148.9h92.88zM53.79 108.1C24.09 108.1 0 83.5 0 53.8a53.79 53.79 0 0 1 107.58 0c0 29.7-24.1 54.3-53.79 54.3zM447.9 448h-92.68V302.4c0-34.7-.7-79.2-48.29-79.2-48.29 0-55.69 37.7-55.69 76.7V448h-92.78V148.9h89.08v40.8h1.3c12.4-23.5 42.69-48.3 87.88-48.3 94 0 111.28 61.9 111.28 142.3V448z\"><\/path><\/svg>\t\t\t<\/a>\n\t\t<\/div>\n\t\t\t\t\t\t<\/div>\n\t\t\t\t<\/div>\n\t\t\t\t<\/div>\n\t\t\t\t<div class=\"elementor-element elementor-element-f57ddad elementor-widget elementor-widget-heading\" data-id=\"f57ddad\" data-element_type=\"widget\" data-widget_type=\"heading.default\">\n\t\t\t\t<div class=\"elementor-widget-container\">\n\t\t\t\t\t<h2 class=\"elementor-heading-title elementor-size-default\"><h3 style=\"font-size: 1.88235rem;font-style: normal;text-align: center\">&nbsp;<\/h3><ul style=\"font-size: 17px;font-style: normal;font-weight: 400;font-family: Comfortaa, display\"><li style=\"font-size: 17px\"><span style=\"font-size: 14pt\"><span style=\"font-weight: 700\">\t\t\tSe estima que para 2035, la flota aut\u00f3noma de camiones alcanzar\u00e1 un mercado global de 552 mil millones de euros, seg\u00fan un informe de McKinsey.<li style=\"font-size: 17px\"><span style=\"font-size: 14pt\"><span style=\"font-weight: 700\">\tProequity est\u00e1 trabajando en aprovechar esta tendencia para dise\u00f1ar y adaptar plataformas log\u00edsticas que maximicen las oportunidades que traer\u00e1n los camiones aut\u00f3nomos, asegurando que estos activos sean eficientes, sostenibles y competitivos en el futuro.<\/h2>\t\t\t\t<\/div>\n\t\t\t\t<\/div>\n\t\t\t\t<div class=\"elementor-element elementor-element-d0d4f51 elementor-widget elementor-widget-image\" data-id=\"d0d4f51\" data-element_type=\"widget\" data-widget_type=\"image.default\">\n\t\t\t\t<div class=\"elementor-widget-container\">\n\t\t\t\t\t\t\t\t\t\t\t\t\t\t\t<img fetchpriority=\"high\" decoding=\"async\" width=\"1216\" height=\"505\" src=\"https:\/\/proequity.es\/wp-content\/uploads\/2025\/11\/camiones-autonomos.png\" class=\"attachment-full size-full wp-image-8623\" alt=\"\" srcset=\"https:\/\/proequity.es\/wp-content\/uploads\/2025\/11\/camiones-autonomos.png 1216w, https:\/\/proequity.es\/wp-content\/uploads\/2025\/11\/camiones-autonomos-300x125.png 300w, https:\/\/proequity.es\/wp-content\/uploads\/2025\/11\/camiones-autonomos-1024x425.png 1024w, https:\/\/proequity.es\/wp-content\/uploads\/2025\/11\/camiones-autonomos-768x319.png 768w, https:\/\/proequity.es\/wp-content\/uploads\/2025\/11\/camiones-autonomos-18x7.png 18w\" sizes=\"(max-width: 1216px) 100vw, 1216px\">\t\t\t\t\t\t\t\t\t\t\t\t\t\t\t<\/div>\n\t\t\t\t<\/div>\n\t\t\t\t\t<\/div>\n\t\t<\/div>\n\t\t\t\t\t<\/div>\n\t\t<\/section>\n\t\t\t\t<section class=\"elementor-section elementor-top-section elementor-element elementor-element-f45ca10 elementor-section-boxed elementor-section-height-default elementor-section-height-default wpr-particle-no wpr-jarallax-no wpr-parallax-no wpr-sticky-section-no\" data-id=\"f45ca10\" data-element_type=\"section\" data-settings=\"{&quot;_ha_eqh_enable&quot;:false}\">\n\t\t\t\t\t\t<div class=\"elementor-container elementor-column-gap-default\">\n\t\t\t\t\t<div class=\"elementor-column elementor-col-100 elementor-top-column elementor-element elementor-element-12d5afe\" data-id=\"12d5afe\" data-element_type=\"column\">\n\t\t\t<div class=\"elementor-widget-wrap elementor-element-populated\">\n\t\t\t\t\t\t<div class=\"elementor-element elementor-element-a8bd709 elementor-widget elementor-widget-text-editor\" data-id=\"a8bd709\" data-element_type=\"widget\" data-widget_type=\"text-editor.default\">\n\t\t\t\t<div class=\"elementor-widget-container\">\n\t\t\t\t\t\t\t\t\t<h3 style=\"text-align: center;\">\u00a0<\/h3><p><strong>Madrid, 16 de diciembre de 2025. <\/strong>El sector log\u00edstico est\u00e1 experimentando una transformaci\u00f3n sin precedentes gracias al avance de la tecnolog\u00eda de los camiones aut\u00f3nomos. Con una proyecci\u00f3n de crecimiento global que podr\u00eda alcanzar los <strong>87 mil millones de d\u00f3lares en 2032<\/strong> y una tasa de crecimiento anual compuesta (CAGR) de <strong>10,6%<\/strong>, los camiones aut\u00f3nomos prometen cambiar radicalmente el panorama de la distribuci\u00f3n de mercanc\u00edas. Sin embargo, esta innovaci\u00f3n tecnol\u00f3gica no solo tendr\u00e1 implicaciones operativas, sino tambi\u00e9n econ\u00f3micas, regulatorias y de sostenibilidad, aspectos que deber\u00e1n ser cuidadosamente gestionados por los actores del sector inmolog\u00edstico.<\/p><p>Proequity, como consultora especializada en el dise\u00f1o y la transformaci\u00f3n de activos log\u00edsticos, ha estado siguiendo de cerca este fen\u00f3meno. A pesar de que el sector en Espa\u00f1a a\u00fan se enfrenta a retos regulatorios que ralentizan el despliegue de camiones aut\u00f3nomos, la compa\u00f1\u00eda reconoce el potencial de esta tecnolog\u00eda para redefinir la eficiencia operativa y los modelos de negocio del sector.<\/p><p><strong>Impacto econ\u00f3mico y tecnol\u00f3gico<\/strong><\/p><p>El uso de camiones aut\u00f3nomos permitir\u00e1 optimizar los itinerarios y generar <strong>ahorros de hasta el 30% en los costes de transporte<\/strong> globales. Seg\u00fan un informe de McKinsey, <strong>se estima que para 2035 la flota aut\u00f3noma de camiones podr\u00eda representar un mercado de aproximadamente 552 mil millones de euros<\/strong> a nivel global.<\/p><p>Adem\u00e1s, la posibilidad de operar las flotas <strong>24\/7<\/strong> mejorar\u00e1 la utilizaci\u00f3n de los activos log\u00edsticos, permitiendo a las empresas maximizar el rendimiento de sus plataformas. Esta eficiencia operativa tambi\u00e9n abre la puerta a la integraci\u00f3n de veh\u00edculos el\u00e9ctricos o de hidr\u00f3geno, lo que reforzar\u00e1 los esfuerzos del sector por reducir las emisiones y avanzar hacia un modelo m\u00e1s sostenible.<\/p><p><strong>Transformaci\u00f3n del sector inmolog\u00edstico<\/strong><\/p><p>El impacto de los camiones aut\u00f3nomos se extiende m\u00e1s all\u00e1 de la eficiencia operativa, ya que tambi\u00e9n impulsar\u00e1 la transformaci\u00f3n de los activos log\u00edsticos. El dise\u00f1o de los centros log\u00edsticos deber\u00e1 adaptarse para incorporar nuevas infraestructuras, como <strong>estaciones de carga r\u00e1pida para veh\u00edculos el\u00e9ctricos<\/strong> y sistemas automatizados para la carga y descarga de mercanc\u00edas. Esta evoluci\u00f3n de los \u00abalmacenes tradicionales\u00bb a plataformas inteligentes ser\u00e1 fundamental para que las empresas sigan siendo competitivas en un mercado cada vez m\u00e1s digitalizado.<\/p><p>En este contexto, Proequity desempe\u00f1a un papel clave como consultora especializada en la transformaci\u00f3n de activos log\u00edsticos. La firma, con una amplia trayectoria en el sector, est\u00e1 trabajando en aprovechar esta tendencia con la que dise\u00f1ar y adaptar plataformas log\u00edsticas que aprovechen las oportunidades que traer\u00e1n los camiones aut\u00f3nomos, asegurando que estos activos sean eficientes, sostenibles y competitivos en el futuro.<\/p><p>El futuro del sector inmolog\u00edstico se est\u00e1 escribiendo ahora, y la tecnolog\u00eda de los camiones aut\u00f3nomos es una de las palancas m\u00e1s importantes de esa transformaci\u00f3n. Si bien los desaf\u00edos regulatorios y la adaptaci\u00f3n a nuevas infraestructuras pueden ralentizar su despliegue, la adopci\u00f3n de esta tecnolog\u00eda ofrecer\u00e1 un enorme potencial para mejorar la eficiencia, reducir costos y avanzar hacia un modelo de negocio m\u00e1s sostenible.<\/p><p><strong>Desaf\u00edos regulatorios y sostenibilidad<\/strong><\/p><p>Uno de los principales obst\u00e1culos que los camiones aut\u00f3nomos enfrentan en Espa\u00f1a es la falta de un marco regulatorio adecuado. Aunque los avances tecnol\u00f3gicos ya est\u00e1n en marcha, las normativas vigentes a\u00fan no permiten la circulaci\u00f3n masiva de camiones aut\u00f3nomos, lo que frena el ritmo de adopci\u00f3n en el pa\u00eds. Para que el sector log\u00edstico pueda aprovechar completamente esta tecnolog\u00eda, ser\u00e1 fundamental que las autoridades reguladoras establezcan reglas claras que aborden la seguridad, la responsabilidad civil y la interoperabilidad de los veh\u00edculos aut\u00f3nomos.<\/p><p>Desde un punto de vista de sostenibilidad, los camiones aut\u00f3nomos, al estar mejor programados para reducir el consumo de combustible y evitar \u00abmillas muertas\u00bb, tienen el potencial de mejorar la eficiencia energ\u00e9tica del sector. Esto se alinea con las crecientes demandas de los inversores y operadores log\u00edsticos, que est\u00e1n adoptando est\u00e1ndares ambientales m\u00e1s estrictos, como las certificaciones <strong>LEED<\/strong> o la eficiencia energ\u00e9tica, para sus activos inmolog\u00edsticos.<\/p><p>\u201cLa integraci\u00f3n de tecnolog\u00edas avanzadas en los activos log\u00edsticos es un paso crucial hacia la resiliencia y la competitividad del sector. Los camiones aut\u00f3nomos representan una parte importante de esa transformaci\u00f3n\u201d, afirma <strong>David Martinez<\/strong>, director general de Proequity.<\/p><p><a href=\"#_ftnref1\" name=\"_ftn1\"><\/a><\/p>\t\t\t\t\t\t\t\t<\/div>\n\t\t\t\t<\/div>\n\t\t\t\t\t<\/div>\n\t\t<\/div>\n\t\t\t\t\t<\/div>\n\t\t<\/section>\n\t\t\t\t<section class=\"elementor-section elementor-top-section elementor-element elementor-element-46b7813 elementor-section-boxed elementor-section-height-default elementor-section-height-default wpr-particle-no wpr-jarallax-no wpr-parallax-no wpr-sticky-section-no\" data-id=\"46b7813\" data-element_type=\"section\" data-settings=\"{&quot;_ha_eqh_enable&quot;:false}\">\n\t\t\t\t\t\t<div class=\"elementor-container elementor-column-gap-default\">\n\t\t\t\t\t<div class=\"elementor-column elementor-col-100 elementor-top-column elementor-element elementor-element-918ed45\" data-id=\"918ed45\" data-element_type=\"column\">\n\t\t\t<div class=\"elementor-widget-wrap elementor-element-populated\">\n\t\t\t\t\t\t<div class=\"elementor-element elementor-element-e37caa6 elementor-widget-divider--view-line elementor-widget elementor-widget-divider\" data-id=\"e37caa6\" data-element_type=\"widget\" data-widget_type=\"divider.default\">\n\t\t\t\t<div class=\"elementor-widget-container\">\n\t\t\t\t\t\t\t<div class=\"elementor-divider\">\n\t\t\t<span class=\"elementor-divider-separator\">\n\t\t\t\t\t\t<\/span>\n\t\t<\/div>\n\t\t\t\t\t\t<\/div>\n\t\t\t\t<\/div>\n\t\t\t\t\t<\/div>\n\t\t<\/div>\n\t\t\t\t\t<\/div>\n\t\t<\/section>\n\t\t\t\t<section class=\"elementor-section elementor-top-section elementor-element elementor-element-f07fb8c elementor-section-boxed elementor-section-height-default elementor-section-height-default wpr-particle-no wpr-jarallax-no wpr-parallax-no wpr-sticky-section-no\" data-id=\"f07fb8c\" data-element_type=\"section\" data-settings=\"{&quot;_ha_eqh_enable&quot;:false}\">\n\t\t\t\t\t\t<div class=\"elementor-container elementor-column-gap-default\">\n\t\t\t\t\t<div class=\"elementor-column elementor-col-100 elementor-top-column elementor-element elementor-element-a7fca1a\" data-id=\"a7fca1a\" data-element_type=\"column\">\n\t\t\t<div class=\"elementor-widget-wrap elementor-element-populated\">\n\t\t\t\t\t\t<div class=\"elementor-element elementor-element-902bff8 elementor-widget elementor-widget-text-editor\" data-id=\"902bff8\" data-element_type=\"widget\" data-widget_type=\"text-editor.default\">\n\t\t\t\t<div class=\"elementor-widget-container\">\n\t\t\t\t\t\t\t\t\t<p><span style=\"color: #00a88f;\"><strong>About Proequity<\/strong><\/span><\/p><p>Proequity es la consultora especializada en la gesti\u00f3n de operaciones y en la generaci\u00f3n de proyectos inmobiliarios dentro del sector industrial y log\u00edstico. Fundada en 2008 en un escenario adverso para el desarrollo de un nuevo negocio, la compa\u00f1\u00eda ha sabido adaptarse a las exigencias de un mercado cambiante.<\/p><p>El equipo que conforma la entidad cuenta con una dilatada experiencia profesional de m\u00e1s de 20 a\u00f1os en diferentes segmentos del sector inmobiliario. Esto permite ofrecer un servicio de asesoramiento integral a sus clientes con el objetivo de obtener los mejores resultados de sus proyectos inmobiliarios, los cuales abarcan desde la compra o el alquiler de espacios o plataformas log\u00edsticas, hasta la creaci\u00f3n y el desarrollo de proyectos \u201cllave en mano\u201d. Asimismo, la consultora tambi\u00e9n lleva a cabo el asesoramiento en materia de inversi\u00f3n, suelo o desarrollo de obras.<\/p><p>De esta forma Proequity ha ofrecido servicios a una amplia cartera de clientes, d\u00f3nde destacan fondos de inversi\u00f3n, retailers u operadores log\u00edsticos, entre otros.\u00a0 \u00a0<\/p>\t\t\t\t\t\t\t\t<\/div>\n\t\t\t\t<\/div>\n\t\t\t\t\t<\/div>\n\t\t<\/div>\n\t\t\t\t\t<\/div>\n\t\t<\/section>\n\t\t\t\t<section class=\"elementor-section elementor-top-section elementor-element elementor-element-cb6dba9 elementor-section-boxed elementor-section-height-default elementor-section-height-default wpr-particle-no wpr-jarallax-no wpr-parallax-no wpr-sticky-section-no\" data-id=\"cb6dba9\" data-element_type=\"section\" data-settings=\"{&quot;_ha_eqh_enable&quot;:false}\">\n\t\t\t\t\t\t<div class=\"elementor-container elementor-column-gap-default\">\n\t\t\t\t\t<div class=\"elementor-column elementor-col-100 elementor-top-column elementor-element elementor-element-be1d145\" data-id=\"be1d145\" data-element_type=\"column\">\n\t\t\t<div class=\"elementor-widget-wrap elementor-element-populated\">\n\t\t\t\t\t\t<div class=\"elementor-element elementor-element-6b05272 elementor-widget elementor-widget-heading\" data-id=\"6b05272\" data-element_type=\"widget\" data-widget_type=\"heading.default\">\n\t\t\t\t<div class=\"elementor-widget-container\">\n\t\t\t\t\t<h2 class=\"elementor-heading-title elementor-size-default\">Relacionados<\/h2>\t\t\t\t<\/div>\n\t\t\t\t<\/div>\n\t\t<div class=\"elementor-element elementor-element-7eb5640 e-flex e-con-boxed wpr-particle-no wpr-jarallax-no wpr-parallax-no wpr-sticky-section-no e-con e-parent\" data-id=\"7eb5640\" data-element_type=\"container\" data-settings=\"{&quot;_ha_eqh_enable&quot;:false}\">\n\t\t\t\t\t<div class=\"e-con-inner\">\n\t\t<div class=\"elementor-element elementor-element-d76cf72 e-con-full e-flex wpr-particle-no wpr-jarallax-no wpr-parallax-no wpr-sticky-section-no e-con e-child\" data-id=\"d76cf72\" data-element_type=\"container\" data-settings=\"{&quot;_ha_eqh_enable&quot;:false}\">\n\t\t\t\t<div class=\"elementor-element elementor-element-3ff44d2 wpr-grid-slider-columns-3 wpr-grid-slider-columns--tablet2 wpr-grid-slider-columns--mobile_extra2 wpr-grid-slider-columns--mobile1 wpr-item-styles-inner wpr-grid-slider-nav-position-custom elementor-widget elementor-widget-wpr-grid\" data-id=\"3ff44d2\" data-element_type=\"widget\" data-settings=\"{&quot;layout_slider_amount&quot;:&quot;3&quot;,&quot;layout_slider_amount_tablet&quot;:2,&quot;layout_slider_amount_mobile_extra&quot;:2,&quot;layout_slider_amount_mobile&quot;:1,&quot;layout_slides_to_scroll&quot;:1}\" data-widget_type=\"wpr-grid.default\">\n\t\t\t\t<div class=\"elementor-widget-container\">\n\t\t\t\t\t<section class=\"wpr-grid elementor-clearfix\" dir=\"ltr\" data-slick=\"{&quot;rtl&quot;:false,&quot;infinite&quot;:false,&quot;speed&quot;:700,&quot;arrows&quot;:true,&quot;dots&quot;:true,&quot;autoplay&quot;:false,&quot;autoplaySpeed&quot;:5000,&quot;pauseOnHover&quot;:&quot;yes&quot;,&quot;prevArrow&quot;:&quot;#wpr-grid-slider-prev-3ff44d2&quot;,&quot;nextArrow&quot;:&quot;#wpr-grid-slider-next-3ff44d2&quot;,&quot;sliderSlidesToScroll&quot;:1,&quot;lightbox&quot;:{&quot;selector&quot;:&quot;article:not(.slick-cloned) .wpr-grid-image-wrap&quot;,&quot;iframeMaxWidth&quot;:&quot;60%&quot;,&quot;hash&quot;:false,&quot;autoplay&quot;:&quot;true&quot;,&quot;pause&quot;:5000,&quot;progressBar&quot;:&quot;true&quot;,&quot;counter&quot;:&quot;true&quot;,&quot;controls&quot;:&quot;true&quot;,&quot;getCaptionFromTitleOrAlt&quot;:&quot;true&quot;,&quot;thumbnail&quot;:&quot;true&quot;,&quot;showThumbByDefault&quot;:&quot;true&quot;,&quot;share&quot;:&quot;true&quot;,&quot;zoom&quot;:&quot;true&quot;,&quot;fullScreen&quot;:&quot;true&quot;,&quot;download&quot;:&quot;true&quot;}}\"><article class=\"wpr-grid-item elementor-clearfix post-8877 post type-post status-publish format-standard has-post-thumbnail hentry category-noticias\"><div class=\"wpr-grid-item-inner\"><div class=\"wpr-grid-media-wrap wpr-effect-size-medium\" data-overlay-link=\"yes\"><div class=\"wpr-grid-image-wrap\" data-src=\"https:\/\/proequity.es\/wp-content\/uploads\/2026\/04\/Patrizia-Ontigola-Aerial-1.png\" data-img-on-hover=\"\"  data-src-secondary=\"\"><img decoding=\"async\" data-no-lazy=\"1\" src=\"https:\/\/proequity.es\/wp-content\/uploads\/2026\/04\/Patrizia-Ontigola-Aerial-1.png\" alt=\"Proequity y Savills comercializan para PATRIZIA una nave log\u00edstica de casi 34.000 m\u00b2 en Toledo\" class=\"wpr-anim-timing-ease-default\"><\/div><div class=\"wpr-grid-media-hover wpr-animation-wrap\"><div class=\"wpr-grid-media-hover-bg  wpr-overlay-fade-in wpr-anim-size-large wpr-anim-timing-ease-default wpr-anim-transparency\" data-url=\"https:\/\/proequity.es\/en\/proequity-y-savills-comercializan-para-patrizia-una-nave-logistica-de-casi-34-000-m%c2%b2-en-toledo\/\"><\/div><\/div><\/div><div class=\"wpr-grid-item-below-content elementor-clearfix\"><div class=\"wpr-grid-item-lightbox elementor-repeater-item-688ca53 wpr-grid-item-display-block wpr-grid-item-align-left\"><div class=\"inner-block\"><span data-src=\"https:\/\/proequity.es\/wp-content\/uploads\/2026\/04\/Patrizia-Ontigola-Aerial-1.png\"><i class=\"fas fa-search\"><\/i><\/span><\/div><\/div><div class=\"wpr-grid-item-title elementor-repeater-item-7f513c5 wpr-grid-item-display-custom wpr-grid-item-align-left wpr-pointer-none wpr-pointer-line-fx wpr-pointer-fx-slide\"><div class=\"inner-block\"><a target=\"_self\"  href=\"https:\/\/proequity.es\/en\/proequity-y-savills-comercializan-para-patrizia-una-nave-logistica-de-casi-34-000-m%c2%b2-en-toledo\/\">Proequity y Savills comercializan para PATRIZIA una nave log\u00edstica de casi 34.000&hellip;<\/a><\/div><\/div><div class=\"wpr-grid-item-read-more elementor-repeater-item-fddbaa8 wpr-grid-item-display-block wpr-grid-item-align-left\"><div class=\"inner-block\"><a target=\"_self\" href=\"https:\/\/proequity.es\/en\/proequity-y-savills-comercializan-para-patrizia-una-nave-logistica-de-casi-34-000-m%c2%b2-en-toledo\/\" class=\"wpr-button-effect wpr-button-none\"><span>Leer M\u00e1s &gt;&gt;<\/span><\/a><\/div><\/div><div class=\"wpr-grid-item-separator elementor-repeater-item-06d30e2 wpr-grid-item-display-block wpr-grid-item-align-left wpr-grid-sep-style-1\"><div class=\"inner-block\"><span><\/span><\/div><\/div><div class=\"wpr-grid-item-date elementor-repeater-item-c8586f2 wpr-grid-item-display-inline wpr-grid-item-align-left\"><div class=\"inner-block\"><span>20 de April de 2026<span class=\"wpr-grid-extra-text-right\">\/<\/span><\/span><\/div><\/div><\/div><\/div><\/article><article class=\"wpr-grid-item elementor-clearfix post-8809 post type-post status-publish format-standard has-post-thumbnail hentry category-noticias\"><div class=\"wpr-grid-item-inner\"><div class=\"wpr-grid-media-wrap wpr-effect-size-medium\" data-overlay-link=\"yes\"><div class=\"wpr-grid-image-wrap\" data-src=\"https:\/\/proequity.es\/wp-content\/uploads\/2026\/03\/Ley-de-suelo.png\" data-img-on-hover=\"\"  data-src-secondary=\"\"><img decoding=\"async\" data-no-lazy=\"1\" src=\"https:\/\/proequity.es\/wp-content\/uploads\/2026\/03\/Ley-de-suelo.png\" alt=\"La nueva Ley del Suelo de Madrid, clave para reactivar la log\u00edstica\" class=\"wpr-anim-timing-ease-default\"><\/div><div class=\"wpr-grid-media-hover wpr-animation-wrap\"><div class=\"wpr-grid-media-hover-bg  wpr-overlay-fade-in wpr-anim-size-large wpr-anim-timing-ease-default wpr-anim-transparency\" data-url=\"https:\/\/proequity.es\/en\/la-nueva-ley-del-suelo-de-madrid-clave-para-reactivar-la-logistica\/\"><\/div><\/div><\/div><div class=\"wpr-grid-item-below-content elementor-clearfix\"><div class=\"wpr-grid-item-lightbox elementor-repeater-item-688ca53 wpr-grid-item-display-block wpr-grid-item-align-left\"><div class=\"inner-block\"><span data-src=\"https:\/\/proequity.es\/wp-content\/uploads\/2026\/03\/Ley-de-suelo.png\"><i class=\"fas fa-search\"><\/i><\/span><\/div><\/div><div class=\"wpr-grid-item-title elementor-repeater-item-7f513c5 wpr-grid-item-display-custom wpr-grid-item-align-left wpr-pointer-none wpr-pointer-line-fx wpr-pointer-fx-slide\"><div class=\"inner-block\"><a target=\"_self\"  href=\"https:\/\/proequity.es\/en\/la-nueva-ley-del-suelo-de-madrid-clave-para-reactivar-la-logistica\/\">La nueva Ley del Suelo de Madrid, clave para reactivar la log\u00edstica<\/a><\/div><\/div><div class=\"wpr-grid-item-read-more elementor-repeater-item-fddbaa8 wpr-grid-item-display-block wpr-grid-item-align-left\"><div class=\"inner-block\"><a target=\"_self\" href=\"https:\/\/proequity.es\/en\/la-nueva-ley-del-suelo-de-madrid-clave-para-reactivar-la-logistica\/\" class=\"wpr-button-effect wpr-button-none\"><span>Leer M\u00e1s &gt;&gt;<\/span><\/a><\/div><\/div><div class=\"wpr-grid-item-separator elementor-repeater-item-06d30e2 wpr-grid-item-display-block wpr-grid-item-align-left wpr-grid-sep-style-1\"><div class=\"inner-block\"><span><\/span><\/div><\/div><div class=\"wpr-grid-item-date elementor-repeater-item-c8586f2 wpr-grid-item-display-inline wpr-grid-item-align-left\"><div class=\"inner-block\"><span>23 de March de 2026<span class=\"wpr-grid-extra-text-right\">\/<\/span><\/span><\/div><\/div><\/div><\/div><\/article><article class=\"wpr-grid-item elementor-clearfix post-8662 post type-post status-publish format-standard has-post-thumbnail hentry category-noticias\"><div class=\"wpr-grid-item-inner\"><div class=\"wpr-grid-media-wrap wpr-effect-size-medium\" data-overlay-link=\"yes\"><div class=\"wpr-grid-image-wrap\" data-src=\"https:\/\/proequity.es\/wp-content\/uploads\/2026\/01\/2.jpg\" data-img-on-hover=\"\"  data-src-secondary=\"\"><img decoding=\"async\" data-no-lazy=\"1\" src=\"https:\/\/proequity.es\/wp-content\/uploads\/2026\/01\/2.jpg\" alt=\"Los camiones aut\u00f3nomos podr\u00edan contribuir a aliviar la escasez de conductores en Espa\u00f1a a medio y largo plazo\" class=\"wpr-anim-timing-ease-default\"><\/div><div class=\"wpr-grid-media-hover wpr-animation-wrap\"><div class=\"wpr-grid-media-hover-bg  wpr-overlay-fade-in wpr-anim-size-large wpr-anim-timing-ease-default wpr-anim-transparency\" data-url=\"https:\/\/proequity.es\/en\/los-camiones-autonomos-podrian-contribuir-a-aliviar-la-escasez-de-conductores-en-espana-a-medio-y-largo-plazo\/\"><\/div><\/div><\/div><div class=\"wpr-grid-item-below-content elementor-clearfix\"><div class=\"wpr-grid-item-lightbox elementor-repeater-item-688ca53 wpr-grid-item-display-block wpr-grid-item-align-left\"><div class=\"inner-block\"><span data-src=\"https:\/\/proequity.es\/wp-content\/uploads\/2026\/01\/2.jpg\"><i class=\"fas fa-search\"><\/i><\/span><\/div><\/div><div class=\"wpr-grid-item-title elementor-repeater-item-7f513c5 wpr-grid-item-display-custom wpr-grid-item-align-left wpr-pointer-none wpr-pointer-line-fx wpr-pointer-fx-slide\"><div class=\"inner-block\"><a target=\"_self\"  href=\"https:\/\/proequity.es\/en\/los-camiones-autonomos-podrian-contribuir-a-aliviar-la-escasez-de-conductores-en-espana-a-medio-y-largo-plazo\/\">Los camiones aut\u00f3nomos podr\u00edan contribuir a aliviar la escasez de conductores en&hellip;<\/a><\/div><\/div><div class=\"wpr-grid-item-read-more elementor-repeater-item-fddbaa8 wpr-grid-item-display-block wpr-grid-item-align-left\"><div class=\"inner-block\"><a target=\"_self\" href=\"https:\/\/proequity.es\/en\/los-camiones-autonomos-podrian-contribuir-a-aliviar-la-escasez-de-conductores-en-espana-a-medio-y-largo-plazo\/\" class=\"wpr-button-effect wpr-button-none\"><span>Leer M\u00e1s &gt;&gt;<\/span><\/a><\/div><\/div><div class=\"wpr-grid-item-separator elementor-repeater-item-06d30e2 wpr-grid-item-display-block wpr-grid-item-align-left wpr-grid-sep-style-1\"><div class=\"inner-block\"><span><\/span><\/div><\/div><div class=\"wpr-grid-item-date elementor-repeater-item-c8586f2 wpr-grid-item-display-inline wpr-grid-item-align-left\"><div class=\"inner-block\"><span>19 de January de 2026<span class=\"wpr-grid-extra-text-right\">\/<\/span><\/span><\/div><\/div><\/div><\/div><\/article><article class=\"wpr-grid-item elementor-clearfix post-8622 post type-post status-publish format-standard has-post-thumbnail hentry category-noticias\"><div class=\"wpr-grid-item-inner\"><div class=\"wpr-grid-media-wrap wpr-effect-size-medium\" data-overlay-link=\"yes\"><div class=\"wpr-grid-image-wrap\" data-src=\"https:\/\/proequity.es\/wp-content\/uploads\/2025\/11\/camiones-autonomos.png\" data-img-on-hover=\"\"  data-src-secondary=\"\"><img decoding=\"async\" data-no-lazy=\"1\" src=\"https:\/\/proequity.es\/wp-content\/uploads\/2025\/11\/camiones-autonomos.png\" alt=\"Camiones aut\u00f3nomos: hasta un 30% de ahorro en transporte global\" class=\"wpr-anim-timing-ease-default\"><\/div><div class=\"wpr-grid-media-hover wpr-animation-wrap\"><div class=\"wpr-grid-media-hover-bg  wpr-overlay-fade-in wpr-anim-size-large wpr-anim-timing-ease-default wpr-anim-transparency\" data-url=\"https:\/\/proequity.es\/en\/camiones-autonomos-hasta-un-30-de-ahorro-en-transporte-global\/\"><\/div><\/div><\/div><div class=\"wpr-grid-item-below-content elementor-clearfix\"><div class=\"wpr-grid-item-lightbox elementor-repeater-item-688ca53 wpr-grid-item-display-block wpr-grid-item-align-left\"><div class=\"inner-block\"><span data-src=\"https:\/\/proequity.es\/wp-content\/uploads\/2025\/11\/camiones-autonomos.png\"><i class=\"fas fa-search\"><\/i><\/span><\/div><\/div><div class=\"wpr-grid-item-title elementor-repeater-item-7f513c5 wpr-grid-item-display-custom wpr-grid-item-align-left wpr-pointer-none wpr-pointer-line-fx wpr-pointer-fx-slide\"><div class=\"inner-block\"><a target=\"_self\"  href=\"https:\/\/proequity.es\/en\/camiones-autonomos-hasta-un-30-de-ahorro-en-transporte-global\/\">Camiones aut\u00f3nomos: hasta un 30% de ahorro en transporte global<\/a><\/div><\/div><div class=\"wpr-grid-item-read-more elementor-repeater-item-fddbaa8 wpr-grid-item-display-block wpr-grid-item-align-left\"><div class=\"inner-block\"><a target=\"_self\" href=\"https:\/\/proequity.es\/en\/camiones-autonomos-hasta-un-30-de-ahorro-en-transporte-global\/\" class=\"wpr-button-effect wpr-button-none\"><span>Leer M\u00e1s &gt;&gt;<\/span><\/a><\/div><\/div><div class=\"wpr-grid-item-separator elementor-repeater-item-06d30e2 wpr-grid-item-display-block wpr-grid-item-align-left wpr-grid-sep-style-1\"><div class=\"inner-block\"><span><\/span><\/div><\/div><div class=\"wpr-grid-item-date elementor-repeater-item-c8586f2 wpr-grid-item-display-inline wpr-grid-item-align-left\"><div class=\"inner-block\"><span>17 de December de 2025<span class=\"wpr-grid-extra-text-right\">\/<\/span><\/span><\/div><\/div><\/div><\/div><\/article><article class=\"wpr-grid-item elementor-clearfix post-8642 post type-post status-publish format-standard has-post-thumbnail hentry category-noticias\"><div class=\"wpr-grid-item-inner\"><div class=\"wpr-grid-media-wrap wpr-effect-size-medium\" data-overlay-link=\"yes\"><div class=\"wpr-grid-image-wrap\" data-src=\"https:\/\/proequity.es\/wp-content\/uploads\/2025\/12\/PP10-LEGANES-M-50.png\" data-img-on-hover=\"\"  data-src-secondary=\"\"><img decoding=\"async\" data-no-lazy=\"1\" src=\"https:\/\/proequity.es\/wp-content\/uploads\/2025\/12\/PP10-LEGANES-M-50.png\" alt=\"El nuevo proyecto log\u00edstico de PP-10 M-50 Legan\u00e9s prev\u00e9 una inversi\u00f3n superior a 30 millones y la creaci\u00f3n de m\u00e1s de 400 nuevos empleos\" class=\"wpr-anim-timing-ease-default\"><\/div><div class=\"wpr-grid-media-hover wpr-animation-wrap\"><div class=\"wpr-grid-media-hover-bg  wpr-overlay-fade-in wpr-anim-size-large wpr-anim-timing-ease-default wpr-anim-transparency\" data-url=\"https:\/\/proequity.es\/en\/el-nuevo-proyecto-logistico-de-pp-10-m-50-leganes-preve-una-inversion-superior-a-30-millones-y-la-creacion-de-mas-de-400-nuevos-empleos\/\"><\/div><\/div><\/div><div class=\"wpr-grid-item-below-content elementor-clearfix\"><div class=\"wpr-grid-item-lightbox elementor-repeater-item-688ca53 wpr-grid-item-display-block wpr-grid-item-align-left\"><div class=\"inner-block\"><span data-src=\"https:\/\/proequity.es\/wp-content\/uploads\/2025\/12\/PP10-LEGANES-M-50.png\"><i class=\"fas fa-search\"><\/i><\/span><\/div><\/div><div class=\"wpr-grid-item-title elementor-repeater-item-7f513c5 wpr-grid-item-display-custom wpr-grid-item-align-left wpr-pointer-none wpr-pointer-line-fx wpr-pointer-fx-slide\"><div class=\"inner-block\"><a target=\"_self\"  href=\"https:\/\/proequity.es\/en\/el-nuevo-proyecto-logistico-de-pp-10-m-50-leganes-preve-una-inversion-superior-a-30-millones-y-la-creacion-de-mas-de-400-nuevos-empleos\/\">El nuevo proyecto log\u00edstico de PP-10 M-50 Legan\u00e9s prev\u00e9 una inversi\u00f3n superior&hellip;<\/a><\/div><\/div><div class=\"wpr-grid-item-read-more elementor-repeater-item-fddbaa8 wpr-grid-item-display-block wpr-grid-item-align-left\"><div class=\"inner-block\"><a target=\"_self\" href=\"https:\/\/proequity.es\/en\/el-nuevo-proyecto-logistico-de-pp-10-m-50-leganes-preve-una-inversion-superior-a-30-millones-y-la-creacion-de-mas-de-400-nuevos-empleos\/\" class=\"wpr-button-effect wpr-button-none\"><span>Leer M\u00e1s &gt;&gt;<\/span><\/a><\/div><\/div><div class=\"wpr-grid-item-separator elementor-repeater-item-06d30e2 wpr-grid-item-display-block wpr-grid-item-align-left wpr-grid-sep-style-1\"><div class=\"inner-block\"><span><\/span><\/div><\/div><div class=\"wpr-grid-item-date elementor-repeater-item-c8586f2 wpr-grid-item-display-inline wpr-grid-item-align-left\"><div class=\"inner-block\"><span>1 de December de 2025<span class=\"wpr-grid-extra-text-right\">\/<\/span><\/span><\/div><\/div><\/div><\/div><\/article><article class=\"wpr-grid-item elementor-clearfix post-8616 post type-post status-publish format-standard has-post-thumbnail hentry category-noticias\"><div class=\"wpr-grid-item-inner\"><div class=\"wpr-grid-media-wrap wpr-effect-size-medium\" data-overlay-link=\"yes\"><div class=\"wpr-grid-image-wrap\" data-src=\"https:\/\/proequity.es\/wp-content\/uploads\/2025\/11\/30-anos.png\" data-img-on-hover=\"\"  data-src-secondary=\"\"><img decoding=\"async\" data-no-lazy=\"1\" src=\"https:\/\/proequity.es\/wp-content\/uploads\/2025\/11\/30-anos.png\" alt=\"De almac\u00e9n a ecosistema conectado: 30 a\u00f1os que reescriben el real estate log\u00edstico\" class=\"wpr-anim-timing-ease-default\"><\/div><div class=\"wpr-grid-media-hover wpr-animation-wrap\"><div class=\"wpr-grid-media-hover-bg  wpr-overlay-fade-in wpr-anim-size-large wpr-anim-timing-ease-default wpr-anim-transparency\" data-url=\"https:\/\/proequity.es\/en\/de-almacen-a-ecosistema-conectado-30-anos-que-reescriben-el-real-estate-logistico\/\"><\/div><\/div><\/div><div class=\"wpr-grid-item-below-content elementor-clearfix\"><div class=\"wpr-grid-item-lightbox elementor-repeater-item-688ca53 wpr-grid-item-display-block wpr-grid-item-align-left\"><div class=\"inner-block\"><span data-src=\"https:\/\/proequity.es\/wp-content\/uploads\/2025\/11\/30-anos.png\"><i class=\"fas fa-search\"><\/i><\/span><\/div><\/div><div class=\"wpr-grid-item-title elementor-repeater-item-7f513c5 wpr-grid-item-display-custom wpr-grid-item-align-left wpr-pointer-none wpr-pointer-line-fx wpr-pointer-fx-slide\"><div class=\"inner-block\"><a target=\"_self\"  href=\"https:\/\/proequity.es\/en\/de-almacen-a-ecosistema-conectado-30-anos-que-reescriben-el-real-estate-logistico\/\">De almac\u00e9n a ecosistema conectado: 30 a\u00f1os que reescriben el real estate&hellip;<\/a><\/div><\/div><div class=\"wpr-grid-item-read-more elementor-repeater-item-fddbaa8 wpr-grid-item-display-block wpr-grid-item-align-left\"><div class=\"inner-block\"><a target=\"_self\" href=\"https:\/\/proequity.es\/en\/de-almacen-a-ecosistema-conectado-30-anos-que-reescriben-el-real-estate-logistico\/\" class=\"wpr-button-effect wpr-button-none\"><span>Leer M\u00e1s &gt;&gt;<\/span><\/a><\/div><\/div><div class=\"wpr-grid-item-separator elementor-repeater-item-06d30e2 wpr-grid-item-display-block wpr-grid-item-align-left wpr-grid-sep-style-1\"><div class=\"inner-block\"><span><\/span><\/div><\/div><div class=\"wpr-grid-item-date elementor-repeater-item-c8586f2 wpr-grid-item-display-inline wpr-grid-item-align-left\"><div class=\"inner-block\"><span>13 de November de 2025<span class=\"wpr-grid-extra-text-right\">\/<\/span><\/span><\/div><\/div><\/div><\/div><\/article><article class=\"wpr-grid-item elementor-clearfix post-8573 post type-post status-publish format-standard has-post-thumbnail hentry category-noticias\"><div class=\"wpr-grid-item-inner\"><div class=\"wpr-grid-media-wrap wpr-effect-size-medium\" data-overlay-link=\"yes\"><div class=\"wpr-grid-image-wrap\" data-src=\"https:\/\/proequity.es\/wp-content\/uploads\/2025\/09\/ferrocarril.jpg\" data-img-on-hover=\"\"  data-src-secondary=\"\"><img decoding=\"async\" data-no-lazy=\"1\" src=\"https:\/\/proequity.es\/wp-content\/uploads\/2025\/09\/ferrocarril.jpg\" alt=\"El impulso ferroviario, motor decisivo para el desarrollo inmolog\u00edstico sostenible y competitivo en Espa\u00f1a\" class=\"wpr-anim-timing-ease-default\"><\/div><div class=\"wpr-grid-media-hover wpr-animation-wrap\"><div class=\"wpr-grid-media-hover-bg  wpr-overlay-fade-in wpr-anim-size-large wpr-anim-timing-ease-default wpr-anim-transparency\" data-url=\"https:\/\/proequity.es\/en\/el-impulso-ferroviario-motor-decisivo-para-el-desarrollo-inmologistico-sostenible-y-competitivo-en-espana\/\"><\/div><\/div><\/div><div class=\"wpr-grid-item-below-content elementor-clearfix\"><div class=\"wpr-grid-item-lightbox elementor-repeater-item-688ca53 wpr-grid-item-display-block wpr-grid-item-align-left\"><div class=\"inner-block\"><span data-src=\"https:\/\/proequity.es\/wp-content\/uploads\/2025\/09\/ferrocarril.jpg\"><i class=\"fas fa-search\"><\/i><\/span><\/div><\/div><div class=\"wpr-grid-item-title elementor-repeater-item-7f513c5 wpr-grid-item-display-custom wpr-grid-item-align-left wpr-pointer-none wpr-pointer-line-fx wpr-pointer-fx-slide\"><div class=\"inner-block\"><a target=\"_self\"  href=\"https:\/\/proequity.es\/en\/el-impulso-ferroviario-motor-decisivo-para-el-desarrollo-inmologistico-sostenible-y-competitivo-en-espana\/\">El impulso ferroviario, motor decisivo para el desarrollo inmolog\u00edstico sostenible y competitivo&hellip;<\/a><\/div><\/div><div class=\"wpr-grid-item-read-more elementor-repeater-item-fddbaa8 wpr-grid-item-display-block wpr-grid-item-align-left\"><div class=\"inner-block\"><a target=\"_self\" href=\"https:\/\/proequity.es\/en\/el-impulso-ferroviario-motor-decisivo-para-el-desarrollo-inmologistico-sostenible-y-competitivo-en-espana\/\" class=\"wpr-button-effect wpr-button-none\"><span>Leer M\u00e1s &gt;&gt;<\/span><\/a><\/div><\/div><div class=\"wpr-grid-item-separator elementor-repeater-item-06d30e2 wpr-grid-item-display-block wpr-grid-item-align-left wpr-grid-sep-style-1\"><div class=\"inner-block\"><span><\/span><\/div><\/div><div class=\"wpr-grid-item-date elementor-repeater-item-c8586f2 wpr-grid-item-display-inline wpr-grid-item-align-left\"><div class=\"inner-block\"><span>2 de September de 2025<span class=\"wpr-grid-extra-text-right\">\/<\/span><\/span><\/div><\/div><\/div><\/div><\/article><article class=\"wpr-grid-item elementor-clearfix post-8567 post type-post status-publish format-standard has-post-thumbnail hentry category-noticias\"><div class=\"wpr-grid-item-inner\"><div class=\"wpr-grid-media-wrap wpr-effect-size-medium\" data-overlay-link=\"yes\"><div class=\"wpr-grid-image-wrap\" data-src=\"https:\/\/proequity.es\/wp-content\/uploads\/2025\/05\/Newdock-Gavilanes-1.png\" data-img-on-hover=\"\"  data-src-secondary=\"\"><img decoding=\"async\" data-no-lazy=\"1\" src=\"https:\/\/proequity.es\/wp-content\/uploads\/2025\/05\/Newdock-Gavilanes-1.png\" alt=\"Del dise\u00f1o al valor: la era de los activos inmobiliarios a medida para retail, industria y log\u00edstica\" class=\"wpr-anim-timing-ease-default\"><\/div><div class=\"wpr-grid-media-hover wpr-animation-wrap\"><div class=\"wpr-grid-media-hover-bg  wpr-overlay-fade-in wpr-anim-size-large wpr-anim-timing-ease-default wpr-anim-transparency\" data-url=\"https:\/\/proequity.es\/en\/del-diseno-al-valor-la-era-de-los-activos-inmobiliarios-a-medida-para-retail-industria-y-logistica\/\"><\/div><\/div><\/div><div class=\"wpr-grid-item-below-content elementor-clearfix\"><div class=\"wpr-grid-item-lightbox elementor-repeater-item-688ca53 wpr-grid-item-display-block wpr-grid-item-align-left\"><div class=\"inner-block\"><span data-src=\"https:\/\/proequity.es\/wp-content\/uploads\/2025\/05\/Newdock-Gavilanes-1.png\"><i class=\"fas fa-search\"><\/i><\/span><\/div><\/div><div class=\"wpr-grid-item-title elementor-repeater-item-7f513c5 wpr-grid-item-display-custom wpr-grid-item-align-left wpr-pointer-none wpr-pointer-line-fx wpr-pointer-fx-slide\"><div class=\"inner-block\"><a target=\"_self\"  href=\"https:\/\/proequity.es\/en\/del-diseno-al-valor-la-era-de-los-activos-inmobiliarios-a-medida-para-retail-industria-y-logistica\/\">Del dise\u00f1o al valor: la era de los activos inmobiliarios a medida&hellip;<\/a><\/div><\/div><div class=\"wpr-grid-item-read-more elementor-repeater-item-fddbaa8 wpr-grid-item-display-block wpr-grid-item-align-left\"><div class=\"inner-block\"><a target=\"_self\" href=\"https:\/\/proequity.es\/en\/del-diseno-al-valor-la-era-de-los-activos-inmobiliarios-a-medida-para-retail-industria-y-logistica\/\" class=\"wpr-button-effect wpr-button-none\"><span>Leer M\u00e1s &gt;&gt;<\/span><\/a><\/div><\/div><div class=\"wpr-grid-item-separator elementor-repeater-item-06d30e2 wpr-grid-item-display-block wpr-grid-item-align-left wpr-grid-sep-style-1\"><div class=\"inner-block\"><span><\/span><\/div><\/div><div class=\"wpr-grid-item-date elementor-repeater-item-c8586f2 wpr-grid-item-display-inline wpr-grid-item-align-left\"><div class=\"inner-block\"><span>13 de August de 2025<span class=\"wpr-grid-extra-text-right\">\/<\/span><\/span><\/div><\/div><\/div><\/div><\/article><article class=\"wpr-grid-item elementor-clearfix post-8557 post type-post status-publish format-standard has-post-thumbnail hentry category-noticias\"><div class=\"wpr-grid-item-inner\"><div class=\"wpr-grid-media-wrap wpr-effect-size-medium\" data-overlay-link=\"yes\"><div class=\"wpr-grid-image-wrap\" data-src=\"https:\/\/proequity.es\/wp-content\/uploads\/2025\/07\/Logistica-Madrid.png\" data-img-on-hover=\"\"  data-src-secondary=\"\"><img decoding=\"async\" data-no-lazy=\"1\" src=\"https:\/\/proequity.es\/wp-content\/uploads\/2025\/07\/Logistica-Madrid.png\" alt=\"Madrid refuerza su papel como capital log\u00edstica del sur de Europa en 2025\" class=\"wpr-anim-timing-ease-default\"><\/div><div class=\"wpr-grid-media-hover wpr-animation-wrap\"><div class=\"wpr-grid-media-hover-bg  wpr-overlay-fade-in wpr-anim-size-large wpr-anim-timing-ease-default wpr-anim-transparency\" data-url=\"https:\/\/proequity.es\/en\/madrid-refuerza-su-papel-como-capital-logistica-del-sur-de-europa-en-2025\/\"><\/div><\/div><\/div><div class=\"wpr-grid-item-below-content elementor-clearfix\"><div class=\"wpr-grid-item-lightbox elementor-repeater-item-688ca53 wpr-grid-item-display-block wpr-grid-item-align-left\"><div class=\"inner-block\"><span data-src=\"https:\/\/proequity.es\/wp-content\/uploads\/2025\/07\/Logistica-Madrid.png\"><i class=\"fas fa-search\"><\/i><\/span><\/div><\/div><div class=\"wpr-grid-item-title elementor-repeater-item-7f513c5 wpr-grid-item-display-custom wpr-grid-item-align-left wpr-pointer-none wpr-pointer-line-fx wpr-pointer-fx-slide\"><div class=\"inner-block\"><a target=\"_self\"  href=\"https:\/\/proequity.es\/en\/madrid-refuerza-su-papel-como-capital-logistica-del-sur-de-europa-en-2025\/\">Madrid refuerza su papel como capital log\u00edstica del sur de Europa en&hellip;<\/a><\/div><\/div><div class=\"wpr-grid-item-read-more elementor-repeater-item-fddbaa8 wpr-grid-item-display-block wpr-grid-item-align-left\"><div class=\"inner-block\"><a target=\"_self\" href=\"https:\/\/proequity.es\/en\/madrid-refuerza-su-papel-como-capital-logistica-del-sur-de-europa-en-2025\/\" class=\"wpr-button-effect wpr-button-none\"><span>Leer M\u00e1s &gt;&gt;<\/span><\/a><\/div><\/div><div class=\"wpr-grid-item-separator elementor-repeater-item-06d30e2 wpr-grid-item-display-block wpr-grid-item-align-left wpr-grid-sep-style-1\"><div class=\"inner-block\"><span><\/span><\/div><\/div><div class=\"wpr-grid-item-date elementor-repeater-item-c8586f2 wpr-grid-item-display-inline wpr-grid-item-align-left\"><div class=\"inner-block\"><span>29 de July de 2025<span class=\"wpr-grid-extra-text-right\">\/<\/span><\/span><\/div><\/div><\/div><\/div><\/article><article class=\"wpr-grid-item elementor-clearfix post-8549 post type-post status-publish format-standard has-post-thumbnail hentry category-noticias\"><div class=\"wpr-grid-item-inner\"><div class=\"wpr-grid-media-wrap wpr-effect-size-medium\" data-overlay-link=\"yes\"><div class=\"wpr-grid-image-wrap\" data-src=\"https:\/\/proequity.es\/wp-content\/uploads\/2025\/07\/Talento-sector-logistico.jpeg\" data-img-on-hover=\"\"  data-src-secondary=\"\"><img decoding=\"async\" data-no-lazy=\"1\" src=\"https:\/\/proequity.es\/wp-content\/uploads\/2025\/07\/Talento-sector-logistico.jpeg\" alt=\"El desarrollo inmolog\u00edstico se convierte en un polo de atracci\u00f3n para el talento tecnol\u00f3gico\" class=\"wpr-anim-timing-ease-default\"><\/div><div class=\"wpr-grid-media-hover wpr-animation-wrap\"><div class=\"wpr-grid-media-hover-bg  wpr-overlay-fade-in wpr-anim-size-large wpr-anim-timing-ease-default wpr-anim-transparency\" data-url=\"https:\/\/proequity.es\/en\/el-desarrollo-inmologistico-se-convierte-en-un-polo-de-atraccion-para-el-talento-tecnologico\/\"><\/div><\/div><\/div><div class=\"wpr-grid-item-below-content elementor-clearfix\"><div class=\"wpr-grid-item-lightbox elementor-repeater-item-688ca53 wpr-grid-item-display-block wpr-grid-item-align-left\"><div class=\"inner-block\"><span data-src=\"https:\/\/proequity.es\/wp-content\/uploads\/2025\/07\/Talento-sector-logistico.jpeg\"><i class=\"fas fa-search\"><\/i><\/span><\/div><\/div><div class=\"wpr-grid-item-title elementor-repeater-item-7f513c5 wpr-grid-item-display-custom wpr-grid-item-align-left wpr-pointer-none wpr-pointer-line-fx wpr-pointer-fx-slide\"><div class=\"inner-block\"><a target=\"_self\"  href=\"https:\/\/proequity.es\/en\/el-desarrollo-inmologistico-se-convierte-en-un-polo-de-atraccion-para-el-talento-tecnologico\/\">El desarrollo inmolog\u00edstico se convierte en un polo de atracci\u00f3n para el&hellip;<\/a><\/div><\/div><div class=\"wpr-grid-item-read-more elementor-repeater-item-fddbaa8 wpr-grid-item-display-block wpr-grid-item-align-left\"><div class=\"inner-block\"><a target=\"_self\" href=\"https:\/\/proequity.es\/en\/el-desarrollo-inmologistico-se-convierte-en-un-polo-de-atraccion-para-el-talento-tecnologico\/\" class=\"wpr-button-effect wpr-button-none\"><span>Leer M\u00e1s &gt;&gt;<\/span><\/a><\/div><\/div><div class=\"wpr-grid-item-separator elementor-repeater-item-06d30e2 wpr-grid-item-display-block wpr-grid-item-align-left wpr-grid-sep-style-1\"><div class=\"inner-block\"><span><\/span><\/div><\/div><div class=\"wpr-grid-item-date elementor-repeater-item-c8586f2 wpr-grid-item-display-inline wpr-grid-item-align-left\"><div class=\"inner-block\"><span>7 de July de 2025<span class=\"wpr-grid-extra-text-right\">\/<\/span><\/span><\/div><\/div><\/div><\/div><\/article><article class=\"wpr-grid-item elementor-clearfix post-8542 post type-post status-publish format-standard has-post-thumbnail hentry category-noticias\"><div class=\"wpr-grid-item-inner\"><div class=\"wpr-grid-media-wrap wpr-effect-size-medium\" data-overlay-link=\"yes\"><div class=\"wpr-grid-image-wrap\" data-src=\"https:\/\/proequity.es\/wp-content\/uploads\/2023\/03\/Newdock-Gavilanes-5.jpg\" data-img-on-hover=\"\"  data-src-secondary=\"\"><img decoding=\"async\" data-no-lazy=\"1\" src=\"https:\/\/proequity.es\/wp-content\/uploads\/2023\/03\/Newdock-Gavilanes-5.jpg\" alt=\"La log\u00edstica se consolida como el motor inmobiliario m\u00e1s rentable y sostenible de Europa, seg\u00fan Proequity\" class=\"wpr-anim-timing-ease-default\"><\/div><div class=\"wpr-grid-media-hover wpr-animation-wrap\"><div class=\"wpr-grid-media-hover-bg  wpr-overlay-fade-in wpr-anim-size-large wpr-anim-timing-ease-default wpr-anim-transparency\" data-url=\"https:\/\/proequity.es\/en\/la-logistica-se-consolida-como-el-motor-inmobiliario-mas-rentable-y-sostenible-de-europa-segun-proequity\/\"><\/div><\/div><\/div><div class=\"wpr-grid-item-below-content elementor-clearfix\"><div class=\"wpr-grid-item-lightbox elementor-repeater-item-688ca53 wpr-grid-item-display-block wpr-grid-item-align-left\"><div class=\"inner-block\"><span data-src=\"https:\/\/proequity.es\/wp-content\/uploads\/2023\/03\/Newdock-Gavilanes-5.jpg\"><i class=\"fas fa-search\"><\/i><\/span><\/div><\/div><div class=\"wpr-grid-item-title elementor-repeater-item-7f513c5 wpr-grid-item-display-custom wpr-grid-item-align-left wpr-pointer-none wpr-pointer-line-fx wpr-pointer-fx-slide\"><div class=\"inner-block\"><a target=\"_self\"  href=\"https:\/\/proequity.es\/en\/la-logistica-se-consolida-como-el-motor-inmobiliario-mas-rentable-y-sostenible-de-europa-segun-proequity\/\">La log\u00edstica se consolida como el motor inmobiliario m\u00e1s rentable y sostenible&hellip;<\/a><\/div><\/div><div class=\"wpr-grid-item-read-more elementor-repeater-item-fddbaa8 wpr-grid-item-display-block wpr-grid-item-align-left\"><div class=\"inner-block\"><a target=\"_self\" href=\"https:\/\/proequity.es\/en\/la-logistica-se-consolida-como-el-motor-inmobiliario-mas-rentable-y-sostenible-de-europa-segun-proequity\/\" class=\"wpr-button-effect wpr-button-none\"><span>Leer M\u00e1s &gt;&gt;<\/span><\/a><\/div><\/div><div class=\"wpr-grid-item-separator elementor-repeater-item-06d30e2 wpr-grid-item-display-block wpr-grid-item-align-left wpr-grid-sep-style-1\"><div class=\"inner-block\"><span><\/span><\/div><\/div><div class=\"wpr-grid-item-date elementor-repeater-item-c8586f2 wpr-grid-item-display-inline wpr-grid-item-align-left\"><div class=\"inner-block\"><span>24 de June de 2025<span class=\"wpr-grid-extra-text-right\">\/<\/span><\/span><\/div><\/div><\/div><\/div><\/article><article class=\"wpr-grid-item elementor-clearfix post-8526 post type-post status-publish format-standard has-post-thumbnail hentry category-noticias\"><div class=\"wpr-grid-item-inner\"><div class=\"wpr-grid-media-wrap wpr-effect-size-medium\" data-overlay-link=\"yes\"><div class=\"wpr-grid-image-wrap\" data-src=\"https:\/\/proequity.es\/wp-content\/uploads\/2025\/05\/Newdock-Gavilanes-1.png\" data-img-on-hover=\"\"  data-src-secondary=\"\"><img decoding=\"async\" data-no-lazy=\"1\" src=\"https:\/\/proequity.es\/wp-content\/uploads\/2025\/05\/Newdock-Gavilanes-1.png\" alt=\"Newdock lanza su nuevo parque log\u00edstico Gavilanes 1 en Getafe con 85.000 m2\" class=\"wpr-anim-timing-ease-default\"><\/div><div class=\"wpr-grid-media-hover wpr-animation-wrap\"><div class=\"wpr-grid-media-hover-bg  wpr-overlay-fade-in wpr-anim-size-large wpr-anim-timing-ease-default wpr-anim-transparency\" data-url=\"https:\/\/proequity.es\/en\/newdock-lanza-su-nuevo-parque-logistico-gavilanes-1-en-getafe-con-85-000-m2\/\"><\/div><\/div><\/div><div class=\"wpr-grid-item-below-content elementor-clearfix\"><div class=\"wpr-grid-item-lightbox elementor-repeater-item-688ca53 wpr-grid-item-display-block wpr-grid-item-align-left\"><div class=\"inner-block\"><span data-src=\"https:\/\/proequity.es\/wp-content\/uploads\/2025\/05\/Newdock-Gavilanes-1.png\"><i class=\"fas fa-search\"><\/i><\/span><\/div><\/div><div class=\"wpr-grid-item-title elementor-repeater-item-7f513c5 wpr-grid-item-display-custom wpr-grid-item-align-left wpr-pointer-none wpr-pointer-line-fx wpr-pointer-fx-slide\"><div class=\"inner-block\"><a target=\"_self\"  href=\"https:\/\/proequity.es\/en\/newdock-lanza-su-nuevo-parque-logistico-gavilanes-1-en-getafe-con-85-000-m2\/\">Newdock lanza su nuevo parque log\u00edstico Gavilanes 1 en Getafe con 85.000&hellip;<\/a><\/div><\/div><div class=\"wpr-grid-item-read-more elementor-repeater-item-fddbaa8 wpr-grid-item-display-block wpr-grid-item-align-left\"><div class=\"inner-block\"><a target=\"_self\" href=\"https:\/\/proequity.es\/en\/newdock-lanza-su-nuevo-parque-logistico-gavilanes-1-en-getafe-con-85-000-m2\/\" class=\"wpr-button-effect wpr-button-none\"><span>Leer M\u00e1s &gt;&gt;<\/span><\/a><\/div><\/div><div class=\"wpr-grid-item-separator elementor-repeater-item-06d30e2 wpr-grid-item-display-block wpr-grid-item-align-left wpr-grid-sep-style-1\"><div class=\"inner-block\"><span><\/span><\/div><\/div><div class=\"wpr-grid-item-date elementor-repeater-item-c8586f2 wpr-grid-item-display-inline wpr-grid-item-align-left\"><div class=\"inner-block\"><span>14 de May de 2025<span class=\"wpr-grid-extra-text-right\">\/<\/span><\/span><\/div><\/div><\/div><\/div><\/article><article class=\"wpr-grid-item elementor-clearfix post-8512 post type-post status-publish format-standard has-post-thumbnail hentry category-noticias\"><div class=\"wpr-grid-item-inner\"><div class=\"wpr-grid-media-wrap wpr-effect-size-medium\" data-overlay-link=\"yes\"><div class=\"wpr-grid-image-wrap\" data-src=\"https:\/\/proequity.es\/wp-content\/uploads\/2025\/04\/Suelo-rustico.png\" data-img-on-hover=\"\"  data-src-secondary=\"\"><img decoding=\"async\" data-no-lazy=\"1\" src=\"https:\/\/proequity.es\/wp-content\/uploads\/2025\/04\/Suelo-rustico.png\" alt=\"La urbanizaci\u00f3n del suelo r\u00fastico, clave para revitalizaci\u00f3n de Espa\u00f1a\" class=\"wpr-anim-timing-ease-default\"><\/div><div class=\"wpr-grid-media-hover wpr-animation-wrap\"><div class=\"wpr-grid-media-hover-bg  wpr-overlay-fade-in wpr-anim-size-large wpr-anim-timing-ease-default wpr-anim-transparency\" data-url=\"https:\/\/proequity.es\/en\/la-urbanizacion-del-suelo-rustico-clave-para-revitalizacion-de-espana\/\"><\/div><\/div><\/div><div class=\"wpr-grid-item-below-content elementor-clearfix\"><div class=\"wpr-grid-item-lightbox elementor-repeater-item-688ca53 wpr-grid-item-display-block wpr-grid-item-align-left\"><div class=\"inner-block\"><span data-src=\"https:\/\/proequity.es\/wp-content\/uploads\/2025\/04\/Suelo-rustico.png\"><i class=\"fas fa-search\"><\/i><\/span><\/div><\/div><div class=\"wpr-grid-item-title elementor-repeater-item-7f513c5 wpr-grid-item-display-custom wpr-grid-item-align-left wpr-pointer-none wpr-pointer-line-fx wpr-pointer-fx-slide\"><div class=\"inner-block\"><a target=\"_self\"  href=\"https:\/\/proequity.es\/en\/la-urbanizacion-del-suelo-rustico-clave-para-revitalizacion-de-espana\/\">La urbanizaci\u00f3n del suelo r\u00fastico, clave para revitalizaci\u00f3n de Espa\u00f1a<\/a><\/div><\/div><div class=\"wpr-grid-item-read-more elementor-repeater-item-fddbaa8 wpr-grid-item-display-block wpr-grid-item-align-left\"><div class=\"inner-block\"><a target=\"_self\" href=\"https:\/\/proequity.es\/en\/la-urbanizacion-del-suelo-rustico-clave-para-revitalizacion-de-espana\/\" class=\"wpr-button-effect wpr-button-none\"><span>Leer M\u00e1s &gt;&gt;<\/span><\/a><\/div><\/div><div class=\"wpr-grid-item-separator elementor-repeater-item-06d30e2 wpr-grid-item-display-block wpr-grid-item-align-left wpr-grid-sep-style-1\"><div class=\"inner-block\"><span><\/span><\/div><\/div><div class=\"wpr-grid-item-date elementor-repeater-item-c8586f2 wpr-grid-item-display-inline wpr-grid-item-align-left\"><div class=\"inner-block\"><span>8 de April de 2025<span class=\"wpr-grid-extra-text-right\">\/<\/span><\/span><\/div><\/div><\/div><\/div><\/article><article class=\"wpr-grid-item elementor-clearfix post-8199 post type-post status-publish format-standard has-post-thumbnail hentry category-noticias\"><div class=\"wpr-grid-item-inner\"><div class=\"wpr-grid-media-wrap wpr-effect-size-medium\" data-overlay-link=\"yes\"><div class=\"wpr-grid-image-wrap\" data-src=\"https:\/\/proequity.es\/wp-content\/uploads\/2025\/03\/Torres-de-la-Alameda.png\" data-img-on-hover=\"\"  data-src-secondary=\"\"><img decoding=\"async\" data-no-lazy=\"1\" src=\"https:\/\/proequity.es\/wp-content\/uploads\/2025\/03\/Torres-de-la-Alameda.png\" alt=\"Proequity y Savills asesoran en co-exclusiva a Brookfield Properties en un proyecto log\u00edstico llave en mano en el Corredor del de Henares\" class=\"wpr-anim-timing-ease-default\"><\/div><div class=\"wpr-grid-media-hover wpr-animation-wrap\"><div class=\"wpr-grid-media-hover-bg  wpr-overlay-fade-in wpr-anim-size-large wpr-anim-timing-ease-default wpr-anim-transparency\" data-url=\"https:\/\/proequity.es\/en\/proequity-y-savills-asesoran-en-co-exclusiva-a-brookfield-properties-en-un-proyecto-logistico-llave-en-mano-en-el-corredor-del-de-henares\/\"><\/div><\/div><\/div><div class=\"wpr-grid-item-below-content elementor-clearfix\"><div class=\"wpr-grid-item-lightbox elementor-repeater-item-688ca53 wpr-grid-item-display-block wpr-grid-item-align-left\"><div class=\"inner-block\"><span data-src=\"https:\/\/proequity.es\/wp-content\/uploads\/2025\/03\/Torres-de-la-Alameda.png\"><i class=\"fas fa-search\"><\/i><\/span><\/div><\/div><div class=\"wpr-grid-item-title elementor-repeater-item-7f513c5 wpr-grid-item-display-custom wpr-grid-item-align-left wpr-pointer-none wpr-pointer-line-fx wpr-pointer-fx-slide\"><div class=\"inner-block\"><a target=\"_self\"  href=\"https:\/\/proequity.es\/en\/proequity-y-savills-asesoran-en-co-exclusiva-a-brookfield-properties-en-un-proyecto-logistico-llave-en-mano-en-el-corredor-del-de-henares\/\">Proequity y Savills asesoran en co-exclusiva a Brookfield Properties en un proyecto&hellip;<\/a><\/div><\/div><div class=\"wpr-grid-item-read-more elementor-repeater-item-fddbaa8 wpr-grid-item-display-block wpr-grid-item-align-left\"><div class=\"inner-block\"><a target=\"_self\" href=\"https:\/\/proequity.es\/en\/proequity-y-savills-asesoran-en-co-exclusiva-a-brookfield-properties-en-un-proyecto-logistico-llave-en-mano-en-el-corredor-del-de-henares\/\" class=\"wpr-button-effect wpr-button-none\"><span>Leer M\u00e1s &gt;&gt;<\/span><\/a><\/div><\/div><div class=\"wpr-grid-item-separator elementor-repeater-item-06d30e2 wpr-grid-item-display-block wpr-grid-item-align-left wpr-grid-sep-style-1\"><div class=\"inner-block\"><span><\/span><\/div><\/div><div class=\"wpr-grid-item-date elementor-repeater-item-c8586f2 wpr-grid-item-display-inline wpr-grid-item-align-left\"><div class=\"inner-block\"><span>4 de March de 2025<span class=\"wpr-grid-extra-text-right\">\/<\/span><\/span><\/div><\/div><\/div><\/div><\/article><article class=\"wpr-grid-item elementor-clearfix post-8162 post type-post status-publish format-standard has-post-thumbnail hentry category-noticias\"><div class=\"wpr-grid-item-inner\"><div class=\"wpr-grid-media-wrap wpr-effect-size-medium\" data-overlay-link=\"yes\"><div class=\"wpr-grid-image-wrap\" data-src=\"https:\/\/proequity.es\/wp-content\/uploads\/2025\/02\/Data-centers.png\" data-img-on-hover=\"\"  data-src-secondary=\"\"><img decoding=\"async\" data-no-lazy=\"1\" src=\"https:\/\/proequity.es\/wp-content\/uploads\/2025\/02\/Data-centers.png\" alt=\"La digitalizaci\u00f3n impulsa la expansi\u00f3n de los Data Centers en Espa\u00f1a: Un an\u00e1lisis de Proequity sobre el futuro del sector\" class=\"wpr-anim-timing-ease-default\"><\/div><div class=\"wpr-grid-media-hover wpr-animation-wrap\"><div class=\"wpr-grid-media-hover-bg  wpr-overlay-fade-in wpr-anim-size-large wpr-anim-timing-ease-default wpr-anim-transparency\" data-url=\"https:\/\/proequity.es\/en\/la-digitalizacion-impulsa-la-expansion-de-los-data-centers-en-espana-un-analisis-de-proequity-sobre-el-futuro-del-sector\/\"><\/div><\/div><\/div><div class=\"wpr-grid-item-below-content elementor-clearfix\"><div class=\"wpr-grid-item-lightbox elementor-repeater-item-688ca53 wpr-grid-item-display-block wpr-grid-item-align-left\"><div class=\"inner-block\"><span data-src=\"https:\/\/proequity.es\/wp-content\/uploads\/2025\/02\/Data-centers.png\"><i class=\"fas fa-search\"><\/i><\/span><\/div><\/div><div class=\"wpr-grid-item-title elementor-repeater-item-7f513c5 wpr-grid-item-display-custom wpr-grid-item-align-left wpr-pointer-none wpr-pointer-line-fx wpr-pointer-fx-slide\"><div class=\"inner-block\"><a target=\"_self\"  href=\"https:\/\/proequity.es\/en\/la-digitalizacion-impulsa-la-expansion-de-los-data-centers-en-espana-un-analisis-de-proequity-sobre-el-futuro-del-sector\/\">La digitalizaci\u00f3n impulsa la expansi\u00f3n de los Data Centers en Espa\u00f1a: Un&hellip;<\/a><\/div><\/div><div class=\"wpr-grid-item-read-more elementor-repeater-item-fddbaa8 wpr-grid-item-display-block wpr-grid-item-align-left\"><div class=\"inner-block\"><a target=\"_self\" href=\"https:\/\/proequity.es\/en\/la-digitalizacion-impulsa-la-expansion-de-los-data-centers-en-espana-un-analisis-de-proequity-sobre-el-futuro-del-sector\/\" class=\"wpr-button-effect wpr-button-none\"><span>Leer M\u00e1s &gt;&gt;<\/span><\/a><\/div><\/div><div class=\"wpr-grid-item-separator elementor-repeater-item-06d30e2 wpr-grid-item-display-block wpr-grid-item-align-left wpr-grid-sep-style-1\"><div class=\"inner-block\"><span><\/span><\/div><\/div><div class=\"wpr-grid-item-date elementor-repeater-item-c8586f2 wpr-grid-item-display-inline wpr-grid-item-align-left\"><div class=\"inner-block\"><span>17 de February de 2025<span class=\"wpr-grid-extra-text-right\">\/<\/span><\/span><\/div><\/div><\/div><\/div><\/article><\/section><div class=\"wpr-grid-slider-arrow-container\"><div class=\"wpr-grid-slider-prev-arrow wpr-grid-slider-arrow\" id=\"wpr-grid-slider-prev-3ff44d2\"><svg version=\"1.1\" xmlns=\"http:\/\/www.w3.org\/2000\/svg\" xmlns:xlink=\"http:\/\/www.w3.org\/1999\/xlink\" x=\"0px\" y=\"0px\" viewbox=\"0 0 283.4 512\" style=\"enable-background:new 0 0 283.4 512;\" xml:space=\"preserve\"><g><polygon class=\"st0\" points=\"54.5,256.3 283.4,485.1 256.1,512.5 0,256.3 0,256.3 27.2,229 256.1,0 283.4,27.4 \"\/><\/g><\/svg><\/div><div class=\"wpr-grid-slider-next-arrow wpr-grid-slider-arrow\" id=\"wpr-grid-slider-next-3ff44d2\"><svg version=\"1.1\" xmlns=\"http:\/\/www.w3.org\/2000\/svg\" xmlns:xlink=\"http:\/\/www.w3.org\/1999\/xlink\" x=\"0px\" y=\"0px\" viewbox=\"0 0 283.4 512\" style=\"enable-background:new 0 0 283.4 512;\" xml:space=\"preserve\"><g><polygon class=\"st0\" points=\"54.5,256.3 283.4,485.1 256.1,512.5 0,256.3 0,256.3 27.2,229 256.1,0 283.4,27.4 \"\/><\/g><\/svg><\/div><\/div><div class=\"wpr-grid-slider-dots\"><\/div>\t\t\t\t<\/div>\n\t\t\t\t<\/div>\n\t\t\t\t<div class=\"elementor-element elementor-element-bea4a3e elementor-align-right elementor-widget elementor-widget-button\" data-id=\"bea4a3e\" data-element_type=\"widget\" data-widget_type=\"button.default\">\n\t\t\t\t<div class=\"elementor-widget-container\">\n\t\t\t\t\t\t\t\t\t<div class=\"elementor-button-wrapper\">\n\t\t\t\t\t<a class=\"elementor-button elementor-button-link elementor-size-sm\" href=\"https:\/\/proequity.es\/en\/notas-de-prensa\/\">\n\t\t\t\t\t\t<span class=\"elementor-button-content-wrapper\">\n\t\t\t\t\t\t\t\t\t<span class=\"elementor-button-text\">Ver M\u00e1s<\/span>\n\t\t\t\t\t<\/span>\n\t\t\t\t\t<\/a>\n\t\t\t\t<\/div>\n\t\t\t\t\t\t\t\t<\/div>\n\t\t\t\t<\/div>\n\t\t\t\t<\/div>\n\t\t\t\t\t<\/div>\n\t\t\t\t<\/div>\n\t\t\t\t\t<\/div>\n\t\t<\/div>\n\t\t\t\t\t<\/div>\n\t\t<\/section>\n\t\t\t\t<section class=\"elementor-section elementor-top-section elementor-element elementor-element-f6ffa62 elementor-section-stretched elementor-section-boxed elementor-section-height-default elementor-section-height-default wpr-particle-no wpr-jarallax-no wpr-parallax-no wpr-sticky-section-no\" data-id=\"f6ffa62\" data-element_type=\"section\" data-settings=\"{&quot;background_background&quot;:&quot;classic&quot;,&quot;stretch_section&quot;:&quot;section-stretched&quot;,&quot;_ha_eqh_enable&quot;:false}\">\n\t\t\t\t\t\t<div class=\"elementor-container elementor-column-gap-default\">\n\t\t\t\t\t<div class=\"elementor-column elementor-col-100 elementor-top-column elementor-element elementor-element-83b6863\" data-id=\"83b6863\" data-element_type=\"column\">\n\t\t\t<div class=\"elementor-widget-wrap elementor-element-populated\">\n\t\t\t\t\t\t<div class=\"elementor-element elementor-element-2b4a78b elementor-align-center elementor-widget elementor-widget-button\" data-id=\"2b4a78b\" data-element_type=\"widget\" data-widget_type=\"button.default\">\n\t\t\t\t<div class=\"elementor-widget-container\">\n\t\t\t\t\t\t\t\t\t<div class=\"elementor-button-wrapper\">\n\t\t\t\t\t<a class=\"elementor-button elementor-button-link elementor-size-sm\" href=\"\/en\/contacto\/\">\n\t\t\t\t\t\t<span class=\"elementor-button-content-wrapper\">\n\t\t\t\t\t\t<span class=\"elementor-button-icon\">\n\t\t\t\t<svg aria-hidden=\"true\" class=\"e-font-icon-svg e-fas-arrow-right\" viewbox=\"0 0 448 512\" xmlns=\"http:\/\/www.w3.org\/2000\/svg\"><path d=\"M190.5 66.9l22.2-22.2c9.4-9.4 24.6-9.4 33.9 0L441 239c9.4 9.4 9.4 24.6 0 33.9L246.6 467.3c-9.4 9.4-24.6 9.4-33.9 0l-22.2-22.2c-9.5-9.5-9.3-25 .4-34.3L311.4 296H24c-13.3 0-24-10.7-24-24v-32c0-13.3 10.7-24 24-24h287.4L190.9 101.2c-9.8-9.3-10-24.8-.4-34.3z\"><\/path><\/svg>\t\t\t<\/span>\n\t\t\t\t\t\t\t\t\t<span class=\"elementor-button-text\">GET IN TOUCH WITH US<\/span>\n\t\t\t\t\t<\/span>\n\t\t\t\t\t<\/a>\n\t\t\t\t<\/div>\n\t\t\t\t\t\t\t\t<\/div>\n\t\t\t\t<\/div>\n\t\t\t\t\t<\/div>\n\t\t<\/div>\n\t\t\t\t\t<\/div>\n\t\t<\/section>\n\t\t\t\t<\/div>","protected":false},"excerpt":{"rendered":"<p>Camiones aut\u00f3nomos: hasta un 30% de ahorro en transporte global &nbsp; Se estima que para 2035, la flota aut\u00f3noma de camiones alcanzar\u00e1 un mercado global de 552 mil millones de euros, seg\u00fan un informe de McKinsey. Proequity est\u00e1 trabajando en aprovechar esta tendencia para dise\u00f1ar y adaptar plataformas log\u00edsticas que maximicen las oportunidades que traer\u00e1n<\/p>","protected":false},"author":13,"featured_media":8623,"comment_status":"closed","ping_status":"open","sticky":false,"template":"elementor_header_footer","format":"standard","meta":{"_acf_changed":false,"site-sidebar-layout":"default","site-content-layout":"","ast-site-content-layout":"default","site-content-style":"default","site-sidebar-style":"default","ast-global-header-display":"","ast-banner-title-visibility":"","ast-main-header-display":"","ast-hfb-above-header-display":"","ast-hfb-below-header-display":"","ast-hfb-mobile-header-display":"","site-post-title":"","ast-breadcrumbs-content":"","ast-featured-img":"disabled","footer-sml-layout":"","theme-transparent-header-meta":"","adv-header-id-meta":"","stick-header-meta":"","header-above-stick-meta":"","header-main-stick-meta":"","header-below-stick-meta":"","astra-migrate-meta-layouts":"set","ast-page-background-enabled":"default","ast-page-background-meta":{"desktop":{"background-color":"","background-image":"","background-repeat":"repeat","background-position":"center center","background-size":"auto","background-attachment":"scroll","background-type":"","background-media":"","overlay-type":"","overlay-color":"","overlay-opacity":"","overlay-gradient":""},"tablet":{"background-color":"","background-image":"","background-repeat":"repeat","background-position":"center center","background-size":"auto","background-attachment":"scroll","background-type":"","background-media":"","overlay-type":"","overlay-color":"","overlay-opacity":"","overlay-gradient":""},"mobile":{"background-color":"","background-image":"","background-repeat":"repeat","background-position":"center center","background-size":"auto","background-attachment":"scroll","background-type":"","background-media":"","overlay-type":"","overlay-color":"","overlay-opacity":"","overlay-gradient":""}},"ast-content-background-meta":{"desktop":{"background-color":"var(--ast-global-color-5)","background-image":"","background-repeat":"repeat","background-position":"center center","background-size":"auto","background-attachment":"scroll","background-type":"","background-media":"","overlay-type":"","overlay-color":"","overlay-opacity":"","overlay-gradient":""},"tablet":{"background-color":"var(--ast-global-color-5)","background-image":"","background-repeat":"repeat","background-position":"center center","background-size":"auto","background-attachment":"scroll","background-type":"","background-media":"","overlay-type":"","overlay-color":"","overlay-opacity":"","overlay-gradient":""},"mobile":{"background-color":"var(--ast-global-color-5)","background-image":"","background-repeat":"repeat","background-position":"center center","background-size":"auto","background-attachment":"scroll","background-type":"","background-media":"","overlay-type":"","overlay-color":"","overlay-opacity":"","overlay-gradient":""}},"footnotes":""},"categories":[85],"tags":[],"class_list":["post-8622","post","type-post","status-publish","format-standard","has-post-thumbnail","hentry","category-noticias"],"acf":[],"_links":{"self":[{"href":"https:\/\/proequity.es\/en\/wp-json\/wp\/v2\/posts\/8622","targetHints":{"allow":["GET"]}}],"collection":[{"href":"https:\/\/proequity.es\/en\/wp-json\/wp\/v2\/posts"}],"about":[{"href":"https:\/\/proequity.es\/en\/wp-json\/wp\/v2\/types\/post"}],"author":[{"embeddable":true,"href":"https:\/\/proequity.es\/en\/wp-json\/wp\/v2\/users\/13"}],"replies":[{"embeddable":true,"href":"https:\/\/proequity.es\/en\/wp-json\/wp\/v2\/comments?post=8622"}],"version-history":[{"count":7,"href":"https:\/\/proequity.es\/en\/wp-json\/wp\/v2\/posts\/8622\/revisions"}],"predecessor-version":[{"id":8656,"href":"https:\/\/proequity.es\/en\/wp-json\/wp\/v2\/posts\/8622\/revisions\/8656"}],"wp:featuredmedia":[{"embeddable":true,"href":"https:\/\/proequity.es\/en\/wp-json\/wp\/v2\/media\/8623"}],"wp:attachment":[{"href":"https:\/\/proequity.es\/en\/wp-json\/wp\/v2\/media?parent=8622"}],"wp:term":[{"taxonomy":"category","embeddable":true,"href":"https:\/\/proequity.es\/en\/wp-json\/wp\/v2\/categories?post=8622"},{"taxonomy":"post_tag","embeddable":true,"href":"https:\/\/proequity.es\/en\/wp-json\/wp\/v2\/tags?post=8622"}],"curies":[{"name":"wp","href":"https:\/\/api.w.org\/{rel}","templated":true}]}}