{"id":6700,"date":"2024-02-26T10:00:22","date_gmt":"2024-02-26T09:00:22","guid":{"rendered":"https:\/\/proequity.es\/?p=6700"},"modified":"2024-02-26T10:12:59","modified_gmt":"2024-02-26T09:12:59","slug":"2024-un-ano-clave-para-la-sostenibilidad-en-el-sector-logistico-segun-proequity","status":"publish","type":"post","link":"https:\/\/proequity.es\/en\/2024-un-ano-clave-para-la-sostenibilidad-en-el-sector-logistico-segun-proequity\/","title":{"rendered":"2024, un a\u00f1o clave para la sostenibilidad en el sector log\u00edstico, seg\u00fan Proequity"},"content":{"rendered":"<div data-elementor-type=\"wp-post\" data-elementor-id=\"6700\" class=\"elementor elementor-6700\" data-elementor-settings=\"{&quot;ha_cmc_init_switcher&quot;:&quot;no&quot;}\" data-elementor-post-type=\"post\">\n\t\t\t\t<div class=\"elementor-element elementor-element-2760407 e-flex e-con-boxed wpr-particle-no wpr-jarallax-no wpr-parallax-no wpr-sticky-section-no e-con e-parent\" data-id=\"2760407\" data-element_type=\"container\" data-settings=\"{&quot;_ha_eqh_enable&quot;:false}\">\n\t\t\t\t\t<div class=\"e-con-inner\">\n\t\t\t\t\t<\/div>\n\t\t\t\t<\/div>\n\t\t\t\t<section class=\"elementor-section elementor-top-section elementor-element elementor-element-28b7389 elementor-section-stretched elementor-section-boxed elementor-section-height-default elementor-section-height-default wpr-particle-no wpr-jarallax-no wpr-parallax-no wpr-sticky-section-no\" data-id=\"28b7389\" data-element_type=\"section\" data-settings=\"{&quot;stretch_section&quot;:&quot;section-stretched&quot;,&quot;background_background&quot;:&quot;classic&quot;,&quot;_ha_eqh_enable&quot;:false}\">\n\t\t\t\t\t\t<div class=\"elementor-container elementor-column-gap-default\">\n\t\t\t\t\t<div class=\"elementor-column elementor-col-100 elementor-top-column elementor-element elementor-element-b440ea1\" data-id=\"b440ea1\" data-element_type=\"column\">\n\t\t\t<div class=\"elementor-widget-wrap elementor-element-populated\">\n\t\t\t\t\t\t\t<\/div>\n\t\t<\/div>\n\t\t\t\t\t<\/div>\n\t\t<\/section>\n\t\t\t\t<section class=\"elementor-section elementor-top-section elementor-element elementor-element-8255195 elementor-section-boxed elementor-section-height-default elementor-section-height-default wpr-particle-no wpr-jarallax-no wpr-parallax-no wpr-sticky-section-no\" data-id=\"8255195\" data-element_type=\"section\" data-settings=\"{&quot;_ha_eqh_enable&quot;:false}\">\n\t\t\t\t\t\t<div class=\"elementor-container elementor-column-gap-default\">\n\t\t\t\t\t<div class=\"elementor-column elementor-col-100 elementor-top-column elementor-element elementor-element-d9b2cfa\" data-id=\"d9b2cfa\" data-element_type=\"column\">\n\t\t\t<div class=\"elementor-widget-wrap elementor-element-populated\">\n\t\t\t\t\t\t<div class=\"elementor-element elementor-element-d0d4f51 elementor-widget elementor-widget-image\" data-id=\"d0d4f51\" data-element_type=\"widget\" data-widget_type=\"image.default\">\n\t\t\t\t<div class=\"elementor-widget-container\">\n\t\t\t\t\t\t\t\t\t\t\t\t\t\t\t<img fetchpriority=\"high\" decoding=\"async\" width=\"1024\" height=\"205\" src=\"https:\/\/proequity.es\/wp-content\/uploads\/2024\/02\/Sostenibilidad-logistica.png\" class=\"attachment-large size-large wp-image-6715\" alt=\"\" srcset=\"https:\/\/proequity.es\/wp-content\/uploads\/2024\/02\/Sostenibilidad-logistica.png 1024w, https:\/\/proequity.es\/wp-content\/uploads\/2024\/02\/Sostenibilidad-logistica-300x60.png 300w, https:\/\/proequity.es\/wp-content\/uploads\/2024\/02\/Sostenibilidad-logistica-768x154.png 768w, https:\/\/proequity.es\/wp-content\/uploads\/2024\/02\/Sostenibilidad-logistica-18x4.png 18w\" sizes=\"(max-width: 1024px) 100vw, 1024px\">\t\t\t\t\t\t\t\t\t\t\t\t\t\t\t<\/div>\n\t\t\t\t<\/div>\n\t\t\t\t\t<\/div>\n\t\t<\/div>\n\t\t\t\t\t<\/div>\n\t\t<\/section>\n\t\t\t\t<section class=\"elementor-section elementor-top-section elementor-element elementor-element-f45ca10 elementor-section-boxed elementor-section-height-default elementor-section-height-default wpr-particle-no wpr-jarallax-no wpr-parallax-no wpr-sticky-section-no\" data-id=\"f45ca10\" data-element_type=\"section\" data-settings=\"{&quot;_ha_eqh_enable&quot;:false}\">\n\t\t\t\t\t\t<div class=\"elementor-container elementor-column-gap-default\">\n\t\t\t\t\t<div class=\"elementor-column elementor-col-100 elementor-top-column elementor-element elementor-element-12d5afe\" data-id=\"12d5afe\" data-element_type=\"column\">\n\t\t\t<div class=\"elementor-widget-wrap elementor-element-populated\">\n\t\t\t\t\t\t<div class=\"elementor-element elementor-element-a8bd709 elementor-widget elementor-widget-text-editor\" data-id=\"a8bd709\" data-element_type=\"widget\" data-widget_type=\"text-editor.default\">\n\t\t\t\t<div class=\"elementor-widget-container\">\n\t\t\t\t\t\t\t\t\t<h3 style=\"text-align: center;\"><span style=\"color: #00a88f;\">2024, un a\u00f1o clave para la sostenibilidad en el sector log\u00edstico, seg\u00fan Proequity \u00a0\u00a0<br \/><\/span><\/h3><h3 style=\"text-align: center;\"><span style=\"color: #00a88f;\">\u00a0<\/span><\/h3><ul><li><strong><span style=\"font-size: 14pt;\">Las tecnolog\u00edas innovadoras y planificaci\u00f3n de proyectos log\u00edsticos sostenibles se han convertido en una prioridad para el sector. <\/span><\/strong><\/li><\/ul><p><strong>Madrid, 26 de febrero de 2024.\u00a0<\/strong>En la actualidad, la sociedad y diversos sectores industriales est\u00e1n mostrando un creciente compromiso hacia la sostenibilidad y la reducci\u00f3n del impacto ambiental. En este contexto, Proequity, como consultora l\u00edder en operaciones log\u00edsticas, destaca la importancia de un desarrollo sostenible y coherente en el sector.<\/p><p>El \u00e1mbito inmolog\u00edstico tiene la responsabilidad de adoptar valores sostenibles y realizar una contribuci\u00f3n significativa hacia una actividad m\u00e1s respetuosa con el medio ambiente y la sociedad. Entre las medidas empleadas para lograrlo, se destaca el uso de tecnolog\u00edas y pr\u00e1cticas innovadoras que optimicen las operaciones y reduzcan la huella ambiental en la cadena de suministro, acciones que se han convertido en una prioridad en la planificaci\u00f3n de nuevos proyectos log\u00edsticos.<\/p><p>Asimismo, estas consideraciones adquieren gran relevancia para los inversores durante su proceso de toma de decisiones, ya que buscan canalizar sus inversiones hacia empresas y proyectos que demuestren un firme compromiso con la sostenibilidad.<\/p><p>Es importante considerar que la implementaci\u00f3n de estas pr\u00e1cticas no solo genera beneficios para el ecosistema, sino que tambi\u00e9n puede traducirse en una mayor eficiencia operativa, reducci\u00f3n de costos y mejora de la reputaci\u00f3n corporativa. As\u00ed, la sostenibilidad y la responsabilidad ambiental se presentan no solo como obligaciones, sino como oportunidades para que las empresas innoven, mejoren y prosperen en el actual escenario de mercado.<\/p><p><strong>Las nuevas estrategias sostenibles y sus implicaciones \u00a0\u00a0<\/strong><\/p><p>Los operadores log\u00edsticos enfrentan una presi\u00f3n significativa para adoptar pr\u00e1cticas m\u00e1s sostenibles y cumplir con los criterios ESG. Esto implica desarrollar estrategias para alcanzar cero emisiones en su huella de carbono, conforme a los objetivos establecidos por la Uni\u00f3n Europea para el a\u00f1o 2050.<\/p><p>Estos cambios no solo impactan en el mercado de inversi\u00f3n, con la posible disminuci\u00f3n de liquidez en inmuebles sin certificaci\u00f3n, sino que tambi\u00e9n influyen en la preferencia de los clientes, quienes tienden a optar por nuevas instalaciones que cuenten con certificaciones medioambientales como BREEAM o LEED.<\/p><p><strong>Certificados de sostenibilidad: una tendencia a seguir <\/strong><\/p><p>Un claro ejemplo de alguna de las tendencias que el sector est\u00e1 empezando a considerar es la integraci\u00f3n de los criterios ESG, que est\u00e1n cobrando relevancia en el sector inmobiliario. Adem\u00e1s de reflejar una preocupaci\u00f3n por la sostenibilidad, se han convertido en un requisito esencial para operar y tener \u00e9xito a largo plazo en el mercado. A pesar de los desaf\u00edos como el aumento de los costes de construcci\u00f3n y la escasez de mano de obra, los profesionales del sector reconocen el valor a\u00f1adido que aportan criterios como la elecci\u00f3n de materiales ecol\u00f3gicos.<\/p><p>Esta necesidad distingue claramente los proyectos que est\u00e1n a la vanguardia de las necesidades de los clientes y aquellos que a\u00fan no han adoptado una visi\u00f3n respetuosa con el medio ambiente, lo que podr\u00eda dejar las naves obsoletas.<\/p><p>Adem\u00e1s, en 2024, los centros de distribuci\u00f3n sostenible priorizar\u00e1n la reducci\u00f3n de su huella de carbono y la adopci\u00f3n de pr\u00e1cticas m\u00e1s amigables con el medio ambiente a partir de la optimizaci\u00f3n de rutas, el uso de veh\u00edculos el\u00e9ctricos y las energ\u00edas renovables.<\/p><p><strong>Digitalizaci\u00f3n y uso de IA, herramientas de cambio <\/strong><\/p><p>Por otro lado, los expertos de la consultora resaltan la relevancia del uso de herramientas como la Inteligencia Artificial (IA) y la digitalizaci\u00f3n en el sector log\u00edstico. La IA se emplea para analizar datos y predecir riesgos relacionados con el cambio clim\u00e1tico. Esto permite a las empresas tomar decisiones sobre la ubicaci\u00f3n de sus activos, considerando factores como inundaciones, tormentas y aumento del nivel del mar. La gesti\u00f3n proactiva de riesgos clim\u00e1ticos es crucial para la sostenibilidad a largo plazo. Todas estas acciones no solo contribuyen a la sostenibilidad empresarial, sino tambi\u00e9n al bienestar del planeta y las generaciones futuras. \u201c<em>Es deber de las compa\u00f1\u00edas responsables de nuevos proyectos estar actualizadas y alineadas con los valores de eficiencia y sostenibilidad, con el objetivo de causar un impacto real y positivo en nuestro entorno<\/em>\u201d, explica <strong>David Martinez, CEO of Proequity<\/strong>. \u201c<em>La inversi\u00f3n en nuevas tecnolog\u00edas es crucial para favorecer una cadena de suministro m\u00e1s responsable y sostenible, as\u00ed como introducir el uso de veh\u00edculos el\u00e9ctricos y combustibles alternativos para el reparto dentro de las ciudades contribuye a reducir las emisiones contaminantes y mejorar la calidad del aire\u201d<\/em>, concluye.<\/p><p><a href=\"#_ftnref1\" name=\"_ftn1\"><\/a><\/p>\t\t\t\t\t\t\t\t<\/div>\n\t\t\t\t<\/div>\n\t\t\t\t\t<\/div>\n\t\t<\/div>\n\t\t\t\t\t<\/div>\n\t\t<\/section>\n\t\t\t\t<section class=\"elementor-section elementor-top-section elementor-element elementor-element-46b7813 elementor-section-boxed elementor-section-height-default elementor-section-height-default wpr-particle-no wpr-jarallax-no wpr-parallax-no wpr-sticky-section-no\" data-id=\"46b7813\" data-element_type=\"section\" data-settings=\"{&quot;_ha_eqh_enable&quot;:false}\">\n\t\t\t\t\t\t<div class=\"elementor-container elementor-column-gap-default\">\n\t\t\t\t\t<div class=\"elementor-column elementor-col-100 elementor-top-column elementor-element elementor-element-918ed45\" data-id=\"918ed45\" data-element_type=\"column\">\n\t\t\t<div class=\"elementor-widget-wrap elementor-element-populated\">\n\t\t\t\t\t\t<div class=\"elementor-element elementor-element-e37caa6 elementor-widget-divider--view-line elementor-widget elementor-widget-divider\" data-id=\"e37caa6\" data-element_type=\"widget\" data-widget_type=\"divider.default\">\n\t\t\t\t<div class=\"elementor-widget-container\">\n\t\t\t\t\t\t\t<div class=\"elementor-divider\">\n\t\t\t<span class=\"elementor-divider-separator\">\n\t\t\t\t\t\t<\/span>\n\t\t<\/div>\n\t\t\t\t\t\t<\/div>\n\t\t\t\t<\/div>\n\t\t\t\t\t<\/div>\n\t\t<\/div>\n\t\t\t\t\t<\/div>\n\t\t<\/section>\n\t\t\t\t<section class=\"elementor-section elementor-top-section elementor-element elementor-element-f07fb8c elementor-section-boxed elementor-section-height-default elementor-section-height-default wpr-particle-no wpr-jarallax-no wpr-parallax-no wpr-sticky-section-no\" data-id=\"f07fb8c\" data-element_type=\"section\" data-settings=\"{&quot;_ha_eqh_enable&quot;:false}\">\n\t\t\t\t\t\t<div class=\"elementor-container elementor-column-gap-default\">\n\t\t\t\t\t<div class=\"elementor-column elementor-col-100 elementor-top-column elementor-element elementor-element-a7fca1a\" data-id=\"a7fca1a\" data-element_type=\"column\">\n\t\t\t<div class=\"elementor-widget-wrap elementor-element-populated\">\n\t\t\t\t\t\t<div class=\"elementor-element elementor-element-902bff8 elementor-widget elementor-widget-text-editor\" data-id=\"902bff8\" data-element_type=\"widget\" data-widget_type=\"text-editor.default\">\n\t\t\t\t<div class=\"elementor-widget-container\">\n\t\t\t\t\t\t\t\t\t<p><span style=\"color: #00a88f;\"><strong>About Proequity<\/strong><\/span><\/p><p>Proequity is the leading consultancy firm in real estate operations in the industrial and logistics sector. Founded in 2008 in an adverse scenario for the development of a new business, the company has been able to adapt to the demands of the market.<\/p><p>The team that makes up the entity has more than 20 years of extensive professional experience in different segments of the real estate sector. This allows it to offer a comprehensive advisory service to its clients with the aim of obtaining the best results for their real estate projects, which range from the purchase, rental or development of initiatives for the creation of warehouses or turnkey logistics platforms. Likewise, advice is also provided on investment, land or the development of works.<\/p><p>De esta forma Proequity ha ofrecido servicios a una amplia cartera de clientes, d\u00f3nde destacan fondos de inversi\u00f3n, retailers u operadores log\u00edsticos, entre otros.<\/p>\t\t\t\t\t\t\t\t<\/div>\n\t\t\t\t<\/div>\n\t\t\t\t\t<\/div>\n\t\t<\/div>\n\t\t\t\t\t<\/div>\n\t\t<\/section>\n\t\t\t\t<section class=\"elementor-section elementor-top-section elementor-element elementor-element-cb6dba9 elementor-section-boxed elementor-section-height-default elementor-section-height-default wpr-particle-no wpr-jarallax-no wpr-parallax-no wpr-sticky-section-no\" data-id=\"cb6dba9\" data-element_type=\"section\" data-settings=\"{&quot;_ha_eqh_enable&quot;:false}\">\n\t\t\t\t\t\t<div class=\"elementor-container elementor-column-gap-default\">\n\t\t\t\t\t<div class=\"elementor-column elementor-col-100 elementor-top-column elementor-element elementor-element-be1d145\" data-id=\"be1d145\" data-element_type=\"column\">\n\t\t\t<div class=\"elementor-widget-wrap elementor-element-populated\">\n\t\t\t\t\t\t<div class=\"elementor-element elementor-element-dfd54f5 elementor-align-center elementor-widget elementor-widget-button\" data-id=\"dfd54f5\" data-element_type=\"widget\" data-widget_type=\"button.default\">\n\t\t\t\t<div class=\"elementor-widget-container\">\n\t\t\t\t\t\t\t\t\t<div class=\"elementor-button-wrapper\">\n\t\t\t\t\t<a class=\"elementor-button elementor-button-link elementor-size-sm\" href=\"http:\/\/proequity.es\/en\/sala-de-prensa-2\/\">\n\t\t\t\t\t\t<span class=\"elementor-button-content-wrapper\">\n\t\t\t\t\t\t<span class=\"elementor-button-icon\">\n\t\t\t\t<svg aria-hidden=\"true\" class=\"e-font-icon-svg e-fas-arrow-right\" viewbox=\"0 0 448 512\" xmlns=\"http:\/\/www.w3.org\/2000\/svg\"><path d=\"M190.5 66.9l22.2-22.2c9.4-9.4 24.6-9.4 33.9 0L441 239c9.4 9.4 9.4 24.6 0 33.9L246.6 467.3c-9.4 9.4-24.6 9.4-33.9 0l-22.2-22.2c-9.5-9.5-9.3-25 .4-34.3L311.4 296H24c-13.3 0-24-10.7-24-24v-32c0-13.3 10.7-24 24-24h287.4L190.9 101.2c-9.8-9.3-10-24.8-.4-34.3z\"><\/path><\/svg>\t\t\t<\/span>\n\t\t\t\t\t\t\t\t\t<span class=\"elementor-button-text\">see all news<\/span>\n\t\t\t\t\t<\/span>\n\t\t\t\t\t<\/a>\n\t\t\t\t<\/div>\n\t\t\t\t\t\t\t\t<\/div>\n\t\t\t\t<\/div>\n\t\t\t\t\t<\/div>\n\t\t<\/div>\n\t\t\t\t\t<\/div>\n\t\t<\/section>\n\t\t\t\t<section class=\"elementor-section elementor-top-section elementor-element elementor-element-f6ffa62 elementor-section-stretched elementor-section-boxed elementor-section-height-default elementor-section-height-default wpr-particle-no wpr-jarallax-no wpr-parallax-no wpr-sticky-section-no\" data-id=\"f6ffa62\" data-element_type=\"section\" data-settings=\"{&quot;background_background&quot;:&quot;classic&quot;,&quot;stretch_section&quot;:&quot;section-stretched&quot;,&quot;_ha_eqh_enable&quot;:false}\">\n\t\t\t\t\t\t<div class=\"elementor-container elementor-column-gap-default\">\n\t\t\t\t\t<div class=\"elementor-column elementor-col-100 elementor-top-column elementor-element elementor-element-83b6863\" data-id=\"83b6863\" data-element_type=\"column\">\n\t\t\t<div class=\"elementor-widget-wrap elementor-element-populated\">\n\t\t\t\t\t\t<div class=\"elementor-element elementor-element-2b4a78b elementor-align-center elementor-widget elementor-widget-button\" data-id=\"2b4a78b\" data-element_type=\"widget\" data-widget_type=\"button.default\">\n\t\t\t\t<div class=\"elementor-widget-container\">\n\t\t\t\t\t\t\t\t\t<div class=\"elementor-button-wrapper\">\n\t\t\t\t\t<a class=\"elementor-button elementor-button-link elementor-size-sm\" href=\"\/en\/contacto\/\">\n\t\t\t\t\t\t<span class=\"elementor-button-content-wrapper\">\n\t\t\t\t\t\t<span class=\"elementor-button-icon\">\n\t\t\t\t<svg aria-hidden=\"true\" class=\"e-font-icon-svg e-fas-arrow-right\" viewbox=\"0 0 448 512\" xmlns=\"http:\/\/www.w3.org\/2000\/svg\"><path d=\"M190.5 66.9l22.2-22.2c9.4-9.4 24.6-9.4 33.9 0L441 239c9.4 9.4 9.4 24.6 0 33.9L246.6 467.3c-9.4 9.4-24.6 9.4-33.9 0l-22.2-22.2c-9.5-9.5-9.3-25 .4-34.3L311.4 296H24c-13.3 0-24-10.7-24-24v-32c0-13.3 10.7-24 24-24h287.4L190.9 101.2c-9.8-9.3-10-24.8-.4-34.3z\"><\/path><\/svg>\t\t\t<\/span>\n\t\t\t\t\t\t\t\t\t<span class=\"elementor-button-text\">GET IN TOUCH WITH US<\/span>\n\t\t\t\t\t<\/span>\n\t\t\t\t\t<\/a>\n\t\t\t\t<\/div>\n\t\t\t\t\t\t\t\t<\/div>\n\t\t\t\t<\/div>\n\t\t\t\t\t<\/div>\n\t\t<\/div>\n\t\t\t\t\t<\/div>\n\t\t<\/section>\n\t\t\t\t<\/div>","protected":false},"excerpt":{"rendered":"<p>2024, un a\u00f1o clave para la sostenibilidad en el sector log\u00edstico, seg\u00fan Proequity \u00a0\u00a0 \u00a0 Las tecnolog\u00edas innovadoras y planificaci\u00f3n de proyectos log\u00edsticos sostenibles se han convertido en una prioridad para el sector. Madrid, 26 de febrero de 2024.\u00a0En la actualidad, la sociedad y diversos sectores industriales est\u00e1n mostrando un creciente compromiso hacia la sostenibilidad<\/p>","protected":false},"author":13,"featured_media":6714,"comment_status":"closed","ping_status":"open","sticky":false,"template":"elementor_header_footer","format":"standard","meta":{"_acf_changed":false,"site-sidebar-layout":"default","site-content-layout":"","ast-site-content-layout":"default","site-content-style":"default","site-sidebar-style":"default","ast-global-header-display":"","ast-banner-title-visibility":"","ast-main-header-display":"","ast-hfb-above-header-display":"","ast-hfb-below-header-display":"","ast-hfb-mobile-header-display":"","site-post-title":"","ast-breadcrumbs-content":"","ast-featured-img":"disabled","footer-sml-layout":"","theme-transparent-header-meta":"","adv-header-id-meta":"","stick-header-meta":"","header-above-stick-meta":"","header-main-stick-meta":"","header-below-stick-meta":"","astra-migrate-meta-layouts":"set","ast-page-background-enabled":"default","ast-page-background-meta":{"desktop":{"background-color":"","background-image":"","background-repeat":"repeat","background-position":"center center","background-size":"auto","background-attachment":"scroll","background-type":"","background-media":"","overlay-type":"","overlay-color":"","overlay-opacity":"","overlay-gradient":""},"tablet":{"background-color":"","background-image":"","background-repeat":"repeat","background-position":"center center","background-size":"auto","background-attachment":"scroll","background-type":"","background-media":"","overlay-type":"","overlay-color":"","overlay-opacity":"","overlay-gradient":""},"mobile":{"background-color":"","background-image":"","background-repeat":"repeat","background-position":"center center","background-size":"auto","background-attachment":"scroll","background-type":"","background-media":"","overlay-type":"","overlay-color":"","overlay-opacity":"","overlay-gradient":""}},"ast-content-background-meta":{"desktop":{"background-color":"var(--ast-global-color-5)","background-image":"","background-repeat":"repeat","background-position":"center center","background-size":"auto","background-attachment":"scroll","background-type":"","background-media":"","overlay-type":"","overlay-color":"","overlay-opacity":"","overlay-gradient":""},"tablet":{"background-color":"var(--ast-global-color-5)","background-image":"","background-repeat":"repeat","background-position":"center center","background-size":"auto","background-attachment":"scroll","background-type":"","background-media":"","overlay-type":"","overlay-color":"","overlay-opacity":"","overlay-gradient":""},"mobile":{"background-color":"var(--ast-global-color-5)","background-image":"","background-repeat":"repeat","background-position":"center center","background-size":"auto","background-attachment":"scroll","background-type":"","background-media":"","overlay-type":"","overlay-color":"","overlay-opacity":"","overlay-gradient":""}},"footnotes":""},"categories":[85],"tags":[],"class_list":["post-6700","post","type-post","status-publish","format-standard","has-post-thumbnail","hentry","category-noticias"],"acf":[],"_links":{"self":[{"href":"https:\/\/proequity.es\/en\/wp-json\/wp\/v2\/posts\/6700","targetHints":{"allow":["GET"]}}],"collection":[{"href":"https:\/\/proequity.es\/en\/wp-json\/wp\/v2\/posts"}],"about":[{"href":"https:\/\/proequity.es\/en\/wp-json\/wp\/v2\/types\/post"}],"author":[{"embeddable":true,"href":"https:\/\/proequity.es\/en\/wp-json\/wp\/v2\/users\/13"}],"replies":[{"embeddable":true,"href":"https:\/\/proequity.es\/en\/wp-json\/wp\/v2\/comments?post=6700"}],"version-history":[{"count":14,"href":"https:\/\/proequity.es\/en\/wp-json\/wp\/v2\/posts\/6700\/revisions"}],"predecessor-version":[{"id":6718,"href":"https:\/\/proequity.es\/en\/wp-json\/wp\/v2\/posts\/6700\/revisions\/6718"}],"wp:featuredmedia":[{"embeddable":true,"href":"https:\/\/proequity.es\/en\/wp-json\/wp\/v2\/media\/6714"}],"wp:attachment":[{"href":"https:\/\/proequity.es\/en\/wp-json\/wp\/v2\/media?parent=6700"}],"wp:term":[{"taxonomy":"category","embeddable":true,"href":"https:\/\/proequity.es\/en\/wp-json\/wp\/v2\/categories?post=6700"},{"taxonomy":"post_tag","embeddable":true,"href":"https:\/\/proequity.es\/en\/wp-json\/wp\/v2\/tags?post=6700"}],"curies":[{"name":"wp","href":"https:\/\/api.w.org\/{rel}","templated":true}]}}